{"id":13994,"date":"2023-07-27T10:31:10","date_gmt":"2023-07-27T13:31:10","guid":{"rendered":"https:\/\/radiostudiow.com.br\/site\/?p=13994"},"modified":"2025-01-31T15:06:39","modified_gmt":"2025-01-31T18:06:39","slug":"arthur-vinicius-zipielada-cidade-de-mallet-ficou-em-2%e2%81%b0-lugar-no-laco-comprido-equipe-nivel-brasileiro","status":"publish","type":"post","link":"https:\/\/radiostudiow.com.br\/site\/2023\/07\/27\/arthur-vinicius-zipielada-cidade-de-mallet-ficou-em-2%e2%81%b0-lugar-no-laco-comprido-equipe-nivel-brasileiro\/","title":{"rendered":"Arthur Vin\u00edcius Zipielada cidade de Mallet ficou em 2\u2070 lugar no la\u00e7o comprido equipe, n\u00edvel Brasileiro!"},"content":{"rendered":"\n<p><em>20\u2070 Rodeio Criolo Nacional de Campe\u00f5es realizado em Irati.<\/em><\/p>\n\n\n\n<figure class=\"wp-block-image size-large\"><img decoding=\"async\" src=\"https:\/\/radiostudiow.com.br\/site\/wp-content\/uploads\/2023\/05\/image-8-1024x392.png\" alt=\"\" class=\"wp-image-12937\"\/><\/figure>\n\n\n\n<p><strong>O pai Elizeu Zapiela  destacou  nas redes sociais  a sua  homenagem ao filh\u00e3o,<\/strong><em>&#8221; A cada armada, uma emo\u00e7\u00e3o pro veio que sempre amou a tradi\u00e7\u00e3o campeira! Aqui n\u00e3o se fala em individualismo, aqui nossa fam\u00edlia agradece pelas oportunidades e companheirismo de todos que contribuem com a forma\u00e7\u00e3o desse piazinho que \u00e9 de Mallet, que \u00e9 de S\u00e3o Mateus do sul, que \u00e9 6* regi\u00e3o, que \u00e9 Paranaense e tem orgulho por essa representatividade!&#8221;<\/em>.<\/p>\n\n\n\n<p>Parab\u00e9ns Ao pai ElizeuA m\u00e3e Gislaine FerrazA mana Isabeli Franco e atoda fam\u00edlia. E principalmente a voc\u00ea Arthur Vin\u00edcius Zipiela.<\/p>\n\n\n\n<figure class=\"wp-block-image size-full\"><img loading=\"lazy\" decoding=\"async\" width=\"897\" height=\"204\" src=\"https:\/\/radiostudiow.com.br\/site\/wp-content\/uploads\/2023\/07\/image-10.jpg\" alt=\"\" class=\"wp-image-13707\" srcset=\"https:\/\/radiostudiow.com.br\/site\/wp-content\/uploads\/2023\/07\/image-10.jpg 897w, https:\/\/radiostudiow.com.br\/site\/wp-content\/uploads\/2023\/07\/image-10-300x68.jpg 300w, https:\/\/radiostudiow.com.br\/site\/wp-content\/uploads\/2023\/07\/image-10-768x175.jpg 768w\" sizes=\"auto, (max-width: 897px) 100vw, 897px\" \/><\/figure>\n\n\n\n<figure class=\"wp-block-image size-large\"><img loading=\"lazy\" decoding=\"async\" width=\"768\" height=\"1024\" src=\"https:\/\/radiostudiow.com.br\/site\/wp-content\/uploads\/2023\/07\/image-46-768x1024.png\" alt=\"\" class=\"wp-image-13999\" srcset=\"https:\/\/radiostudiow.com.br\/site\/wp-content\/uploads\/2023\/07\/image-46-768x1024.png 768w, https:\/\/radiostudiow.com.br\/site\/wp-content\/uploads\/2023\/07\/image-46-225x300.png 225w, https:\/\/radiostudiow.com.br\/site\/wp-content\/uploads\/2023\/07\/image-46.png 1080w\" sizes=\"auto, (max-width: 768px) 100vw, 768px\" \/><\/figure>\n","protected":false},"excerpt":{"rendered":"<p>20\u2070 Rodeio Criolo Nacional de Campe\u00f5es realizado em Irati. O pai Elizeu Zapiela destacou nas redes sociais a sua homenagem ao filh\u00e3o,&#8221; A cada armada, uma emo\u00e7\u00e3o pro veio que sempre amou a tradi\u00e7\u00e3o campeira! Aqui n\u00e3o se fala em individualismo, aqui nossa fam\u00edlia agradece pelas oportunidades e companheirismo de todos que contribuem com a [&hellip;]<\/p>\n","protected":false},"author":2,"featured_media":13998,"comment_status":"open","ping_status":"open","sticky":false,"template":"","format":"standard","meta":{"footnotes":""},"categories":[2],"tags":[172],"class_list":["post-13994","post","type-post","status-publish","format-standard","has-post-thumbnail","hentry","category-policial","tag-featured"],"amp_enabled":true,"_links":{"self":[{"href":"https:\/\/radiostudiow.com.br\/site\/wp-json\/wp\/v2\/posts\/13994","targetHints":{"allow":["GET"]}}],"collection":[{"href":"https:\/\/radiostudiow.com.br\/site\/wp-json\/wp\/v2\/posts"}],"about":[{"href":"https:\/\/radiostudiow.com.br\/site\/wp-json\/wp\/v2\/types\/post"}],"author":[{"embeddable":true,"href":"https:\/\/radiostudiow.com.br\/site\/wp-json\/wp\/v2\/users\/2"}],"replies":[{"embeddable":true,"href":"https:\/\/radiostudiow.com.br\/site\/wp-json\/wp\/v2\/comments?post=13994"}],"version-history":[{"count":3,"href":"https:\/\/radiostudiow.com.br\/site\/wp-json\/wp\/v2\/posts\/13994\/revisions"}],"predecessor-version":[{"id":14003,"href":"https:\/\/radiostudiow.com.br\/site\/wp-json\/wp\/v2\/posts\/13994\/revisions\/14003"}],"wp:featuredmedia":[{"embeddable":true,"href":"https:\/\/radiostudiow.com.br\/site\/wp-json\/wp\/v2\/media\/13998"}],"wp:attachment":[{"href":"https:\/\/radiostudiow.com.br\/site\/wp-json\/wp\/v2\/media?parent=13994"}],"wp:term":[{"taxonomy":"category","embeddable":true,"href":"https:\/\/radiostudiow.com.br\/site\/wp-json\/wp\/v2\/categories?post=13994"},{"taxonomy":"post_tag","embeddable":true,"href":"https:\/\/radiostudiow.com.br\/site\/wp-json\/wp\/v2\/tags?post=13994"}],"curies":[{"name":"wp","href":"https:\/\/api.w.org\/{rel}","templated":true}]}}