{"id":14004,"date":"2023-07-27T12:15:53","date_gmt":"2023-07-27T15:15:53","guid":{"rendered":"https:\/\/radiostudiow.com.br\/site\/?p=14004"},"modified":"2025-01-31T15:06:39","modified_gmt":"2025-01-31T18:06:39","slug":"aluno-de-rio-claro-do-sul-conquista-a-maior-nota-do-municipio-de-mallet-e-e-selecionado-para-intercambio-em-outro-pais","status":"publish","type":"post","link":"https:\/\/radiostudiow.com.br\/site\/2023\/07\/27\/aluno-de-rio-claro-do-sul-conquista-a-maior-nota-do-municipio-de-mallet-e-e-selecionado-para-intercambio-em-outro-pais\/","title":{"rendered":"ALUNO DE RIO CLARO DO SUL, CONQUISTA A MAIOR NOTA DO MUNIC\u00cdPIO DE MALLET, E \u00c9 SELECIONADO PARA INTERC\u00c2MBIO EM OUTRO PA\u00cdS"},"content":{"rendered":"\n<p><strong><em>O aluno Rioclarense, Pedro Henrique Pinkoski, Filho de Luiz e Juliana Pinkoski, da 1\u00aa s\u00e9rie do Novo Ensino M\u00e9dio do Col\u00e9gio Estadual Ad\u00e3o Sobocinski, de Rio Claro do Sul, \u00e9 um dos selecionados para o disputado Programa Ganhando o Mundo. Nesta terceira edi\u00e7\u00e3o do interc\u00e2mbio, que contempla pa\u00edses de l\u00edngua inglesa, mais de 12 mil alunos matriculados buscaram essa oportunidade. Com um desempenho excepcional, Pedro se destacou com a maior nota do Munic\u00edpio de Mallet.<\/em><\/strong><\/p>\n\n\n\n<figure class=\"wp-block-image size-full\"><img decoding=\"async\" src=\"https:\/\/radiostudiow.com.br\/site\/wp-content\/uploads\/2023\/05\/image.png\" alt=\"\" class=\"wp-image-12658\"\/><\/figure>\n\n\n\n<p>A t\u00e3o esperada convoca\u00e7\u00e3o dos selecionados foi realizada na \u00faltima quinta-feira (20), trazendo os primeiros alunos classificados de 344 cidades do Paran\u00e1. Para garantir suas vagas, os alunos atenderam a todos os crit\u00e9rios mantidos, incluindo \u00f3timo desempenho acad\u00eamico, assiduidade e participa\u00e7\u00e3o em programas estaduais.<\/p>\n\n\n\n<p>A pr\u00f3xima etapa do processo envolve a entrega dos documentos e autoriza\u00e7\u00e3o dos pais respons\u00e1veis, que ser\u00e1 realizada na pr\u00f3xima semana.<\/p>\n\n\n\n<p><em>&#8220;Inicialmente, quando fiquei sabendo do programa, parecia algo t\u00e3o distante e imposs\u00edvel, mas nunca tive medo de sonhar. Durante aquele ano, principalmente ap\u00f3s a visita de uma representante do programa Ganhando o Mundo na escola, eu corri atr\u00e1s de notas e evitei faltas durante o ano todo, fui aluno monitor com a inten\u00e7\u00e3o de realmente ajudar a escola, mesmo sem saber que isso me ajudaria a ter uma melhor pontua\u00e7\u00e3o no programa. Sou muito grato as professoras e a todos que me ajudaram, acredito que realmente era para ser e estou muito feliz, no aguardo de que tudo d\u00ea certo.&#8221; disse Pedro.<\/em><\/p>\n\n\n\n<p>Os pa\u00edses em que os alunos realizaram o interc\u00e1mbio s\u00e3o, ESTADOS UNIDOS, INGLATERRA, CANAD\u00c1, AUSTR\u00c1LIA E NOVA ZEL\u00c2NDIA.<\/p>\n\n\n\n<figure class=\"wp-block-image size-full\"><img loading=\"lazy\" decoding=\"async\" width=\"897\" height=\"204\" src=\"https:\/\/radiostudiow.com.br\/site\/wp-content\/uploads\/2023\/07\/image-10.jpg\" alt=\"\" class=\"wp-image-13707\" srcset=\"https:\/\/radiostudiow.com.br\/site\/wp-content\/uploads\/2023\/07\/image-10.jpg 897w, https:\/\/radiostudiow.com.br\/site\/wp-content\/uploads\/2023\/07\/image-10-300x68.jpg 300w, https:\/\/radiostudiow.com.br\/site\/wp-content\/uploads\/2023\/07\/image-10-768x175.jpg 768w\" sizes=\"auto, (max-width: 897px) 100vw, 897px\" \/><\/figure>\n\n\n\n<p>Perguntado em qual pa\u00eds gostaria de realizar seu estudo, Pedro foi r\u00e1pido na resposta dizendo que se for poss\u00edvel escolher, vai para os Estados Unidos.<\/p>\n\n\n\n<p>Para ter a inscri\u00e7\u00e3o validada, o estudante precisava cumprir alguns requisitos: ter cursado do 6\u00ba ao 9\u00ba ano do ensino fundamental em uma institui\u00e7\u00e3o de ensino da rede p\u00fablica estadual; ter m\u00e9dias iguais ou superiores a 7,0 e frequ\u00eancia igual ou superior a 85% em cada uma das disciplinas da matriz curricular em 2022 e no 1\u00ba trimestre de 2023; ter sido regularmente matriculado no 9\u00ba ano na rede p\u00fablica estadual em 2022 e estar matriculado e cursar a 1\u00aa s\u00e9rie do ensino m\u00e9dio na rede estadual em 2023. Na data do embarque, tamb\u00e9m \u00e9 necess\u00e1rio ter idade m\u00ednima de 14 e m\u00e1xima de 17 anos e seis meses.<\/p>\n\n\n\n<figure class=\"wp-block-image size-full is-resized\"><img loading=\"lazy\" decoding=\"async\" src=\"https:\/\/radiostudiow.com.br\/site\/wp-content\/uploads\/2023\/05\/SITE-MEDIO.png\" alt=\"\" class=\"wp-image-12661\" width=\"598\" height=\"204\"\/><\/figure>\n\n\n\n<h2 class=\"wp-block-heading\">Ganhando o Mundo<\/h2>\n\n\n\n<p>O programa foi criado para possibilitar a amplia\u00e7\u00e3o do repert\u00f3rio cultural e acad\u00eamico dos estudantes, permitir sua viv\u00eancia e experi\u00eancia na realidade de outros pa\u00edses, consolidar uma rede de jovens l\u00edderes que atuar\u00e3o nas escolas da rede p\u00fablica estadual de ensino do Paran\u00e1, al\u00e9m de potencializar o desenvolvimento da autonomia e aperfei\u00e7oar o dom\u00ednio da l\u00edngua inglesa.<\/p>\n\n\n\n<p>Em conversa com os pais Luiz e Juliana , sobre essa nova etapa de estudos do filho Pedro, &#8221; o casal disse que est\u00e1 com cora\u00e7\u00e3o partido, pois Pedro s\u00f3 tem 14 anos, e ir estudar do outro lado do mundo a gente fica meio nervoso, mais ao mesmo tempo sabemos que pela capacidade e intelig\u00eancia do filho, para ele ser\u00e1 uma experi\u00eancia \u00fanica, e a gente est\u00e1 muito feliz por essa conquista do nosso filho.&#8221;<\/p>\n\n\n\n<p>Pedro e os demais alunos paranaenses selecinados, embarcam para a nova fase de estudos no in\u00edcio do que vem.<\/p>\n\n\n\n<figure class=\"wp-block-image size-full\"><img loading=\"lazy\" decoding=\"async\" width=\"768\" height=\"175\" src=\"https:\/\/radiostudiow.com.br\/site\/wp-content\/uploads\/2023\/03\/image-22.png\" alt=\"\" class=\"wp-image-12046\" srcset=\"https:\/\/radiostudiow.com.br\/site\/wp-content\/uploads\/2023\/03\/image-22.png 768w, https:\/\/radiostudiow.com.br\/site\/wp-content\/uploads\/2023\/03\/image-22-300x68.png 300w\" sizes=\"auto, (max-width: 768px) 100vw, 768px\" \/><\/figure>\n\n\n\n<p>O Governo do Estado do Paran\u00e1, pagar\u00e1 as despesas com alimenta\u00e7\u00e3o, hospedagem, transporte, emiss\u00e3o de vistos e passaportes, passagens a\u00e9reas e terrestres, exames m\u00e9dicos, vacinas, seguro-viagem e sa\u00fade, taxa de matr\u00edcula, mensalidade da escola no exterior, material did\u00e1tico, uniforme, tradu\u00e7\u00e3o juramentada da documenta\u00e7\u00e3o escolar e reuni\u00f5es de orienta\u00e7\u00e3o. Os alunos tamb\u00e9m recebem aux\u00edlio de R$ 800 mensais.<\/p>\n\n\n\n<p>Confira a mat\u00e9ria do Jornal W Not\u00edcias:<\/p>\n\n\n\n<figure class=\"wp-block-embed is-type-video is-provider-youtube wp-block-embed-youtube wp-embed-aspect-16-9 wp-has-aspect-ratio\"><div class=\"wp-block-embed__wrapper\">\n<iframe loading=\"lazy\" title=\"W Not\u00edcias-Aluno de Rio Claro do Sul t\u00eam a maior nota do munic\u00edpio, e \u00e9 selecionado para interc\u00e2mbio\" width=\"740\" height=\"416\" src=\"https:\/\/www.youtube.com\/embed\/oywGe5K8I-g?feature=oembed\" frameborder=\"0\" allow=\"accelerometer; autoplay; clipboard-write; encrypted-media; gyroscope; picture-in-picture; web-share\" allowfullscreen><\/iframe>\n<\/div><\/figure>\n\n\n\n<p>FONTE DA MAT\u00c9RIA COMPLETA DA P\u00c1GINA DE FACEBOOK RIO CLARO DO SUL NO LINK ABAIXO:<br><a href=\"https:\/\/www.facebook.com\/profile.php?id=100064228771485\">https:\/\/www.facebook.com\/profile.php?id=100064228771485<\/a><\/p>\n\n\n\n<figure class=\"wp-block-image size-full\"><img loading=\"lazy\" decoding=\"async\" width=\"515\" height=\"720\" src=\"https:\/\/radiostudiow.com.br\/site\/wp-content\/uploads\/2023\/07\/image-47.png\" alt=\"\" class=\"wp-image-14005\" srcset=\"https:\/\/radiostudiow.com.br\/site\/wp-content\/uploads\/2023\/07\/image-47.png 515w, https:\/\/radiostudiow.com.br\/site\/wp-content\/uploads\/2023\/07\/image-47-215x300.png 215w\" sizes=\"auto, (max-width: 515px) 100vw, 515px\" \/><\/figure>\n","protected":false},"excerpt":{"rendered":"<p>O aluno Rioclarense, Pedro Henrique Pinkoski, Filho de Luiz e Juliana Pinkoski, da 1\u00aa s\u00e9rie do Novo Ensino M\u00e9dio do Col\u00e9gio Estadual Ad\u00e3o Sobocinski, de Rio Claro do Sul, \u00e9 um dos selecionados para o disputado Programa Ganhando o Mundo. Nesta terceira edi\u00e7\u00e3o do interc\u00e2mbio, que contempla pa\u00edses de l\u00edngua inglesa, mais de 12 mil [&hellip;]<\/p>\n","protected":false},"author":2,"featured_media":14006,"comment_status":"open","ping_status":"open","sticky":false,"template":"","format":"standard","meta":{"footnotes":""},"categories":[2],"tags":[172],"class_list":["post-14004","post","type-post","status-publish","format-standard","has-post-thumbnail","hentry","category-policial","tag-featured"],"amp_enabled":true,"_links":{"self":[{"href":"https:\/\/radiostudiow.com.br\/site\/wp-json\/wp\/v2\/posts\/14004","targetHints":{"allow":["GET"]}}],"collection":[{"href":"https:\/\/radiostudiow.com.br\/site\/wp-json\/wp\/v2\/posts"}],"about":[{"href":"https:\/\/radiostudiow.com.br\/site\/wp-json\/wp\/v2\/types\/post"}],"author":[{"embeddable":true,"href":"https:\/\/radiostudiow.com.br\/site\/wp-json\/wp\/v2\/users\/2"}],"replies":[{"embeddable":true,"href":"https:\/\/radiostudiow.com.br\/site\/wp-json\/wp\/v2\/comments?post=14004"}],"version-history":[{"count":4,"href":"https:\/\/radiostudiow.com.br\/site\/wp-json\/wp\/v2\/posts\/14004\/revisions"}],"predecessor-version":[{"id":14012,"href":"https:\/\/radiostudiow.com.br\/site\/wp-json\/wp\/v2\/posts\/14004\/revisions\/14012"}],"wp:featuredmedia":[{"embeddable":true,"href":"https:\/\/radiostudiow.com.br\/site\/wp-json\/wp\/v2\/media\/14006"}],"wp:attachment":[{"href":"https:\/\/radiostudiow.com.br\/site\/wp-json\/wp\/v2\/media?parent=14004"}],"wp:term":[{"taxonomy":"category","embeddable":true,"href":"https:\/\/radiostudiow.com.br\/site\/wp-json\/wp\/v2\/categories?post=14004"},{"taxonomy":"post_tag","embeddable":true,"href":"https:\/\/radiostudiow.com.br\/site\/wp-json\/wp\/v2\/tags?post=14004"}],"curies":[{"name":"wp","href":"https:\/\/api.w.org\/{rel}","templated":true}]}}