{"id":14020,"date":"2023-07-28T11:04:15","date_gmt":"2023-07-28T14:04:15","guid":{"rendered":"https:\/\/radiostudiow.com.br\/site\/?p=14020"},"modified":"2025-01-31T15:06:39","modified_gmt":"2025-01-31T18:06:39","slug":"pm-de-paula-freitas-prende-homem-com-mandado-de-prisao-em-aberto","status":"publish","type":"post","link":"https:\/\/radiostudiow.com.br\/site\/2023\/07\/28\/pm-de-paula-freitas-prende-homem-com-mandado-de-prisao-em-aberto\/","title":{"rendered":"PM DE PAULA FREITAS PRENDE HOMEM COM MANDADO DE PRIS\u00c3O EM ABERTO"},"content":{"rendered":"\n<figure class=\"wp-block-image size-full\"><img decoding=\"async\" src=\"https:\/\/radiostudiow.com.br\/site\/wp-content\/uploads\/2023\/05\/image.png\" alt=\"\" class=\"wp-image-12658\"\/><\/figure>\n\n\n\n<p>Equipe da Pol\u00edcia Militar de Paula Freitas cumpriu um mandado judicial na \u00e1rea central do munic\u00edpio por volta das 00:30 horas desta quarta-feira (27).<\/p>\n\n\n\n<p>Os policiais estavam em patrulhamento quando passaram pelo viaduto que d\u00e1 acesso ao centro da cidade e avistou um indiv\u00edduo, o qual era de conhecimento da equipe em possuir em seu desfavor um mandado de interna\u00e7\u00e3o pela vara criminal da comarca de Porto Uni\u00e3o &#8211; SC.<\/p>\n\n\n\n<p>O autor foi conduzido at\u00e9 UPA Unidade prisional avan\u00e7ada de Porto Uni\u00e3o sem uso de algemas.<\/p>\n","protected":false},"excerpt":{"rendered":"<p>Equipe da Pol\u00edcia Militar de Paula Freitas cumpriu um mandado judicial na \u00e1rea central do munic\u00edpio por volta das 00:30 horas desta quarta-feira (27). Os policiais estavam em patrulhamento quando passaram pelo viaduto que d\u00e1 acesso ao centro da cidade e avistou um indiv\u00edduo, o qual era de conhecimento da equipe em possuir em seu [&hellip;]<\/p>\n","protected":false},"author":2,"featured_media":0,"comment_status":"open","ping_status":"open","sticky":false,"template":"","format":"standard","meta":{"footnotes":""},"categories":[2],"tags":[172],"class_list":["post-14020","post","type-post","status-publish","format-standard","hentry","category-policial","tag-featured"],"amp_enabled":true,"_links":{"self":[{"href":"https:\/\/radiostudiow.com.br\/site\/wp-json\/wp\/v2\/posts\/14020","targetHints":{"allow":["GET"]}}],"collection":[{"href":"https:\/\/radiostudiow.com.br\/site\/wp-json\/wp\/v2\/posts"}],"about":[{"href":"https:\/\/radiostudiow.com.br\/site\/wp-json\/wp\/v2\/types\/post"}],"author":[{"embeddable":true,"href":"https:\/\/radiostudiow.com.br\/site\/wp-json\/wp\/v2\/users\/2"}],"replies":[{"embeddable":true,"href":"https:\/\/radiostudiow.com.br\/site\/wp-json\/wp\/v2\/comments?post=14020"}],"version-history":[{"count":1,"href":"https:\/\/radiostudiow.com.br\/site\/wp-json\/wp\/v2\/posts\/14020\/revisions"}],"predecessor-version":[{"id":14021,"href":"https:\/\/radiostudiow.com.br\/site\/wp-json\/wp\/v2\/posts\/14020\/revisions\/14021"}],"wp:attachment":[{"href":"https:\/\/radiostudiow.com.br\/site\/wp-json\/wp\/v2\/media?parent=14020"}],"wp:term":[{"taxonomy":"category","embeddable":true,"href":"https:\/\/radiostudiow.com.br\/site\/wp-json\/wp\/v2\/categories?post=14020"},{"taxonomy":"post_tag","embeddable":true,"href":"https:\/\/radiostudiow.com.br\/site\/wp-json\/wp\/v2\/tags?post=14020"}],"curies":[{"name":"wp","href":"https:\/\/api.w.org\/{rel}","templated":true}]}}