{"id":14022,"date":"2023-07-28T11:15:45","date_gmt":"2023-07-28T14:15:45","guid":{"rendered":"https:\/\/radiostudiow.com.br\/site\/?p=14022"},"modified":"2025-01-31T15:06:39","modified_gmt":"2025-01-31T18:06:39","slug":"pm-de-paulo-frontin-realiza-abordagem-de-veiculo-em-atitude-suspeita","status":"publish","type":"post","link":"https:\/\/radiostudiow.com.br\/site\/2023\/07\/28\/pm-de-paulo-frontin-realiza-abordagem-de-veiculo-em-atitude-suspeita\/","title":{"rendered":"PM DE PAULO FRONTIN REALIZA ABORDAGEM DE VE\u00cdCULO EM ATITUDE SUSPEITA"},"content":{"rendered":"\n<figure class=\"wp-block-image size-full\"><img decoding=\"async\" src=\"https:\/\/radiostudiow.com.br\/site\/wp-content\/uploads\/2023\/05\/SITE-MEDIO.png\" alt=\"\" class=\"wp-image-12661\"\/><\/figure>\n\n\n\n<p>A equipe da Pol\u00edcia Militar de Paulo Frontin realizou patrulhamento quando avistou um ve\u00edculo VW\/Golf GL e seu condutor em atitude suspeita por volta das 13:00 horas de quarta-feira (26).\u00a0<\/p>\n\n\n\n<p>De acordo com o relat\u00f3rio policial, o condutor avistou a viatura e virou bruscamente na rua \u00e0 esquerda e acelerou o ve\u00edculo, dessa forma, gerando atitude suspeita.&nbsp;<\/p>\n\n\n\n<p>Foi realizada a abordagem e nada de il\u00edcito foi encontrado, em contato com o condutor, este falou que comprou o carro recentemente e est\u00e1 em processo de transfer\u00eancia.<\/p>\n","protected":false},"excerpt":{"rendered":"<p>A equipe da Pol\u00edcia Militar de Paulo Frontin realizou patrulhamento quando avistou um ve\u00edculo VW\/Golf GL e seu condutor em atitude suspeita por volta das 13:00 horas de quarta-feira (26).\u00a0 De acordo com o relat\u00f3rio policial, o condutor avistou a viatura e virou bruscamente na rua \u00e0 esquerda e acelerou o ve\u00edculo, dessa forma, gerando [&hellip;]<\/p>\n","protected":false},"author":2,"featured_media":12985,"comment_status":"open","ping_status":"open","sticky":false,"template":"","format":"standard","meta":{"footnotes":""},"categories":[2],"tags":[172],"class_list":["post-14022","post","type-post","status-publish","format-standard","has-post-thumbnail","hentry","category-policial","tag-featured"],"amp_enabled":true,"_links":{"self":[{"href":"https:\/\/radiostudiow.com.br\/site\/wp-json\/wp\/v2\/posts\/14022","targetHints":{"allow":["GET"]}}],"collection":[{"href":"https:\/\/radiostudiow.com.br\/site\/wp-json\/wp\/v2\/posts"}],"about":[{"href":"https:\/\/radiostudiow.com.br\/site\/wp-json\/wp\/v2\/types\/post"}],"author":[{"embeddable":true,"href":"https:\/\/radiostudiow.com.br\/site\/wp-json\/wp\/v2\/users\/2"}],"replies":[{"embeddable":true,"href":"https:\/\/radiostudiow.com.br\/site\/wp-json\/wp\/v2\/comments?post=14022"}],"version-history":[{"count":1,"href":"https:\/\/radiostudiow.com.br\/site\/wp-json\/wp\/v2\/posts\/14022\/revisions"}],"predecessor-version":[{"id":14023,"href":"https:\/\/radiostudiow.com.br\/site\/wp-json\/wp\/v2\/posts\/14022\/revisions\/14023"}],"wp:featuredmedia":[{"embeddable":true,"href":"https:\/\/radiostudiow.com.br\/site\/wp-json\/wp\/v2\/media\/12985"}],"wp:attachment":[{"href":"https:\/\/radiostudiow.com.br\/site\/wp-json\/wp\/v2\/media?parent=14022"}],"wp:term":[{"taxonomy":"category","embeddable":true,"href":"https:\/\/radiostudiow.com.br\/site\/wp-json\/wp\/v2\/categories?post=14022"},{"taxonomy":"post_tag","embeddable":true,"href":"https:\/\/radiostudiow.com.br\/site\/wp-json\/wp\/v2\/tags?post=14022"}],"curies":[{"name":"wp","href":"https:\/\/api.w.org\/{rel}","templated":true}]}}