{"id":14027,"date":"2023-07-28T11:59:12","date_gmt":"2023-07-28T14:59:12","guid":{"rendered":"https:\/\/radiostudiow.com.br\/site\/?p=14027"},"modified":"2025-01-31T15:06:39","modified_gmt":"2025-01-31T18:06:39","slug":"policia-civil-prende-suspeito-de-crime-de-estupro-de-vulneravel-em-fernandes-pinheiro","status":"publish","type":"post","link":"https:\/\/radiostudiow.com.br\/site\/2023\/07\/28\/policia-civil-prende-suspeito-de-crime-de-estupro-de-vulneravel-em-fernandes-pinheiro\/","title":{"rendered":"Pol\u00edcia Civil prende suspeito de crime de estupro de vulner\u00e1vel em Fernandes Pinheiro"},"content":{"rendered":"\n<p>No final da tarde de ontem, 26 de julho, a Pol\u00edcia Civil de Teixeira Soares, deu cumprimento a um mandado de pris\u00e3o em desfavor de um homem de 23 (vinte e tr\u00eas) anos, que \u00e9 suspeito da pr\u00e1tica do crime de estupro de vulner\u00e1vel, morador da zona rural do munic\u00edpio de Fernandes Pinheiro\/PR.<\/p>\n\n\n\n<p>Logo ap\u00f3s tomar conhecimento dos fatos, a Pol\u00edcia Civil iniciou as dilig\u00eancias, que apontaram o detido como suspeito desta pr\u00e1tica criminosa.<\/p>\n\n\n\n<figure class=\"wp-block-image size-full\"><img loading=\"lazy\" decoding=\"async\" width=\"768\" height=\"175\" src=\"https:\/\/radiostudiow.com.br\/site\/wp-content\/uploads\/2023\/03\/image-22.png\" alt=\"\" class=\"wp-image-12046\" srcset=\"https:\/\/radiostudiow.com.br\/site\/wp-content\/uploads\/2023\/03\/image-22.png 768w, https:\/\/radiostudiow.com.br\/site\/wp-content\/uploads\/2023\/03\/image-22-300x68.png 300w\" sizes=\"auto, (max-width: 768px) 100vw, 768px\" \/><\/figure>\n\n\n\n<p>Diante dos fatos, a autoridade policial representou pela pris\u00e3o preventiva do suspeito, a qual foi decretada na mesma data de sua pris\u00e3o.<\/p>\n\n\n\n<p>Ap\u00f3s o in\u00edcio imediato dos trabalhos investigativos, a equipe policial teve \u00eaxito em localizar o suspeito em sua resid\u00eancia, na zona rural do munic\u00edpio de Fernandes Pinheiro, ocasi\u00e3o que efetivou o cumprimento da ordem de pris\u00e3o.<\/p>\n\n\n\n<p>O preso foi encaminhado para Cadeia P\u00fablica Hildebrando de Souza, em Ponta Grossa, onde permanecer\u00e1 \u00e0 disposi\u00e7\u00e3o da Justi\u00e7a. Essa foi a terceira pris\u00e3o neste ano nos munic\u00edpios de Teixeira Soares e Fernandes Pinheiro, pela pr\u00e1tica do crime de estupro de vulner\u00e1vel.<\/p>\n\n\n\n<p>O delegado Wesley Vinicius esclarece \u00e0 popula\u00e7\u00e3o que tais pr\u00e1ticas delituosas ser\u00e3o prontamente combatidas com rigor e enfatiza que delitos como este ter\u00e3o uma resposta r\u00e1pida da Justi\u00e7a, a fim de que sejam reprimidos os crimes j\u00e1 cometidos e se evite que outros venham a ocorrer. Enfatiza ainda que o crescente aumento do combate ao repulsivo crime de estupro de vulner\u00e1vel gera uma maior sensa\u00e7\u00e3o de justi\u00e7a para os moradores dos dois munic\u00edpios.<\/p>\n\n\n\n<figure class=\"wp-block-image size-full\"><img loading=\"lazy\" decoding=\"async\" width=\"897\" height=\"204\" src=\"https:\/\/radiostudiow.com.br\/site\/wp-content\/uploads\/2023\/06\/image-10.png\" alt=\"\" class=\"wp-image-13307\" srcset=\"https:\/\/radiostudiow.com.br\/site\/wp-content\/uploads\/2023\/06\/image-10.png 897w, https:\/\/radiostudiow.com.br\/site\/wp-content\/uploads\/2023\/06\/image-10-300x68.png 300w, https:\/\/radiostudiow.com.br\/site\/wp-content\/uploads\/2023\/06\/image-10-768x175.png 768w\" sizes=\"auto, (max-width: 897px) 100vw, 897px\" \/><\/figure>\n\n\n\n<p><em>Informa\u00e7\u00f5es e imagens: Pol\u00edcia Civil de Teixeira Soares<\/em><\/p>\n","protected":false},"excerpt":{"rendered":"<p>No final da tarde de ontem, 26 de julho, a Pol\u00edcia Civil de Teixeira Soares, deu cumprimento a um mandado de pris\u00e3o em desfavor de um homem de 23 (vinte e tr\u00eas) anos, que \u00e9 suspeito da pr\u00e1tica do crime de estupro de vulner\u00e1vel, morador da zona rural do munic\u00edpio de Fernandes Pinheiro\/PR. Logo ap\u00f3s [&hellip;]<\/p>\n","protected":false},"author":2,"featured_media":14028,"comment_status":"open","ping_status":"open","sticky":false,"template":"","format":"standard","meta":{"footnotes":""},"categories":[2],"tags":[172],"class_list":["post-14027","post","type-post","status-publish","format-standard","has-post-thumbnail","hentry","category-policial","tag-featured"],"amp_enabled":true,"_links":{"self":[{"href":"https:\/\/radiostudiow.com.br\/site\/wp-json\/wp\/v2\/posts\/14027","targetHints":{"allow":["GET"]}}],"collection":[{"href":"https:\/\/radiostudiow.com.br\/site\/wp-json\/wp\/v2\/posts"}],"about":[{"href":"https:\/\/radiostudiow.com.br\/site\/wp-json\/wp\/v2\/types\/post"}],"author":[{"embeddable":true,"href":"https:\/\/radiostudiow.com.br\/site\/wp-json\/wp\/v2\/users\/2"}],"replies":[{"embeddable":true,"href":"https:\/\/radiostudiow.com.br\/site\/wp-json\/wp\/v2\/comments?post=14027"}],"version-history":[{"count":1,"href":"https:\/\/radiostudiow.com.br\/site\/wp-json\/wp\/v2\/posts\/14027\/revisions"}],"predecessor-version":[{"id":14029,"href":"https:\/\/radiostudiow.com.br\/site\/wp-json\/wp\/v2\/posts\/14027\/revisions\/14029"}],"wp:featuredmedia":[{"embeddable":true,"href":"https:\/\/radiostudiow.com.br\/site\/wp-json\/wp\/v2\/media\/14028"}],"wp:attachment":[{"href":"https:\/\/radiostudiow.com.br\/site\/wp-json\/wp\/v2\/media?parent=14027"}],"wp:term":[{"taxonomy":"category","embeddable":true,"href":"https:\/\/radiostudiow.com.br\/site\/wp-json\/wp\/v2\/categories?post=14027"},{"taxonomy":"post_tag","embeddable":true,"href":"https:\/\/radiostudiow.com.br\/site\/wp-json\/wp\/v2\/tags?post=14027"}],"curies":[{"name":"wp","href":"https:\/\/api.w.org\/{rel}","templated":true}]}}