{"id":14030,"date":"2023-07-28T22:55:06","date_gmt":"2023-07-29T01:55:06","guid":{"rendered":"https:\/\/radiostudiow.com.br\/site\/?p=14030"},"modified":"2025-01-31T15:06:39","modified_gmt":"2025-01-31T18:06:39","slug":"esporte-de-mallet-em-luto-morre-aos-22-anos-paty-plachta-a-goleira-da-selecao-malletense-feminina-de-futsal","status":"publish","type":"post","link":"https:\/\/radiostudiow.com.br\/site\/2023\/07\/28\/esporte-de-mallet-em-luto-morre-aos-22-anos-paty-plachta-a-goleira-da-selecao-malletense-feminina-de-futsal\/","title":{"rendered":"ESPORTE DE MALLET EM LUTO. MORRE AOS 22 ANOS PATY PLACHTA, A GOLEIRA DA SELE\u00c7\u00c3O MALLETENSE FEMININA DE FUTSAL"},"content":{"rendered":"\n<figure class=\"wp-block-image size-full\"><img decoding=\"async\" src=\"https:\/\/radiostudiow.com.br\/site\/wp-content\/uploads\/2022\/06\/vem_ai.jpg\" alt=\"\" class=\"wp-image-7789\"\/><\/figure>\n\n\n\n<p>No in\u00edcio da tarde desta sexta-feira dia 28 de julho\u00a0 foi de muita tristeza na cidade de Mallet,\u00a0 principalmente para o esporte malletense<\/p>\n\n\n\n<p>Infelizmente depois de uma semana inteira&nbsp; lutando para sobreviver, a not\u00edcia que ningu\u00e9m queria ouvir, acabou sendo confirmada pela fam\u00edlia.<\/p>\n\n\n\n<p>Patr\u00edcia Eduarda Castilho Plachta, acabou falecendo no hospital Santa Casa de Ponta Grossa aos 22 anos de idade.<\/p>\n\n\n\n<p>Paty, como assim era chamada, representava a equipe \u00c1guia Futsal Feminino e tamb\u00e9m era a goleira titular da Sele\u00e7\u00e3o de Futsal Feminina Malletense, a qual representou a cidade nos Jogos Abertos do Paran\u00e1, que aconteceu no munic\u00edpio de S\u00e3o Mateus do Sul, e no in\u00edcio do ano ficou em segundo lugar na Copa AMCESPAR de futsal feminino.<\/p>\n\n\n\n<p>A Secretaria Municipal de Esportes de Mallet, emitiu um comunicado nesta tarde a respeito da transfer\u00eancia dos Jogos de Inverno 2023 que aconteceria neste final de semana, dias 29 e 30 de julho, devido a grande tristeza para o esporte malletense.<\/p>\n\n\n\n<figure class=\"wp-block-image size-large\"><img loading=\"lazy\" decoding=\"async\" width=\"1024\" height=\"1024\" src=\"https:\/\/radiostudiow.com.br\/site\/wp-content\/uploads\/2023\/07\/patricia-1024x1024.jpg\" alt=\"\" class=\"wp-image-14031\" srcset=\"https:\/\/radiostudiow.com.br\/site\/wp-content\/uploads\/2023\/07\/patricia-1024x1024.jpg 1024w, https:\/\/radiostudiow.com.br\/site\/wp-content\/uploads\/2023\/07\/patricia-300x300.jpg 300w, https:\/\/radiostudiow.com.br\/site\/wp-content\/uploads\/2023\/07\/patricia-768x768.jpg 768w, https:\/\/radiostudiow.com.br\/site\/wp-content\/uploads\/2023\/07\/patricia-1536x1536.jpg 1536w, https:\/\/radiostudiow.com.br\/site\/wp-content\/uploads\/2023\/07\/patricia-80x80.jpg 80w, https:\/\/radiostudiow.com.br\/site\/wp-content\/uploads\/2023\/07\/patricia.jpg 1600w\" sizes=\"auto, (max-width: 1024px) 100vw, 1024px\" \/><\/figure>\n\n\n\n<p>No Jornal W Not\u00edcias apresentado pelo tamb\u00e9m Secret\u00e1rio de Esportes Valdir Wladyka,\u00a0 explicou como foi que tudo ocorreu, desde o \u00faltimo domingo dia 23 de julho, quando Paty se sentiu mal em quadra e foi atendida no Hospital de Caridade S\u00e3o Pedro e ap\u00f3s ser transferida para o Hospital de Irati, foi levada \u00e0s pressas na sequ\u00eancia para Hospital Santa Casa de Ponta Grossa, onde permaneceu internada v\u00edtima de um AVC (Acidente Vascular Cerebral), hemorr\u00e1gico, onde n\u00e3o resistiu e veio a falecer \u00e0s 14h30min. desta sexta-feira.<\/p>\n\n\n\n<p>Assista na \u00edntegra toda a hist\u00f3ria relatada no W Not\u00edcias, da Studio W TV.<\/p>\n\n\n\n<figure class=\"wp-block-embed is-type-video is-provider-youtube wp-block-embed-youtube wp-embed-aspect-16-9 wp-has-aspect-ratio\"><div class=\"wp-block-embed__wrapper\">\n<iframe loading=\"lazy\" title=\"W Not\u00edcias - Luto em Mallet: Patr\u00edcia Eduarda Castilho Plachta, morre aos 22 anos\" width=\"740\" height=\"416\" src=\"https:\/\/www.youtube.com\/embed\/dmMLzHo2PcM?feature=oembed\" frameborder=\"0\" allow=\"accelerometer; autoplay; clipboard-write; encrypted-media; gyroscope; picture-in-picture; web-share\" allowfullscreen><\/iframe>\n<\/div><\/figure>\n\n\n\n<figure class=\"wp-block-image size-full\"><img loading=\"lazy\" decoding=\"async\" width=\"897\" height=\"204\" src=\"https:\/\/radiostudiow.com.br\/site\/wp-content\/uploads\/2023\/06\/image-10.png\" alt=\"\" class=\"wp-image-13307\" srcset=\"https:\/\/radiostudiow.com.br\/site\/wp-content\/uploads\/2023\/06\/image-10.png 897w, https:\/\/radiostudiow.com.br\/site\/wp-content\/uploads\/2023\/06\/image-10-300x68.png 300w, https:\/\/radiostudiow.com.br\/site\/wp-content\/uploads\/2023\/06\/image-10-768x175.png 768w\" sizes=\"auto, (max-width: 897px) 100vw, 897px\" \/><\/figure>\n\n\n\n<figure class=\"wp-block-image size-full\"><img decoding=\"async\" src=\"https:\/\/radiostudiow.com.br\/site\/wp-content\/uploads\/2022\/06\/NUTRI-MALLET.jpg\" alt=\"\" class=\"wp-image-7772\"\/><\/figure>\n","protected":false},"excerpt":{"rendered":"<p>No in\u00edcio da tarde desta sexta-feira dia 28 de julho\u00a0 foi de muita tristeza na cidade de Mallet,\u00a0 principalmente para o esporte malletense Infelizmente depois de uma semana inteira&nbsp; lutando para sobreviver, a not\u00edcia que ningu\u00e9m queria ouvir, acabou sendo confirmada pela fam\u00edlia. Patr\u00edcia Eduarda Castilho Plachta, acabou falecendo no hospital Santa Casa de Ponta [&hellip;]<\/p>\n","protected":false},"author":2,"featured_media":14032,"comment_status":"open","ping_status":"open","sticky":false,"template":"","format":"standard","meta":{"footnotes":""},"categories":[184],"tags":[172],"class_list":["post-14030","post","type-post","status-publish","format-standard","has-post-thumbnail","hentry","category-local","tag-featured"],"amp_enabled":true,"_links":{"self":[{"href":"https:\/\/radiostudiow.com.br\/site\/wp-json\/wp\/v2\/posts\/14030","targetHints":{"allow":["GET"]}}],"collection":[{"href":"https:\/\/radiostudiow.com.br\/site\/wp-json\/wp\/v2\/posts"}],"about":[{"href":"https:\/\/radiostudiow.com.br\/site\/wp-json\/wp\/v2\/types\/post"}],"author":[{"embeddable":true,"href":"https:\/\/radiostudiow.com.br\/site\/wp-json\/wp\/v2\/users\/2"}],"replies":[{"embeddable":true,"href":"https:\/\/radiostudiow.com.br\/site\/wp-json\/wp\/v2\/comments?post=14030"}],"version-history":[{"count":1,"href":"https:\/\/radiostudiow.com.br\/site\/wp-json\/wp\/v2\/posts\/14030\/revisions"}],"predecessor-version":[{"id":14033,"href":"https:\/\/radiostudiow.com.br\/site\/wp-json\/wp\/v2\/posts\/14030\/revisions\/14033"}],"wp:featuredmedia":[{"embeddable":true,"href":"https:\/\/radiostudiow.com.br\/site\/wp-json\/wp\/v2\/media\/14032"}],"wp:attachment":[{"href":"https:\/\/radiostudiow.com.br\/site\/wp-json\/wp\/v2\/media?parent=14030"}],"wp:term":[{"taxonomy":"category","embeddable":true,"href":"https:\/\/radiostudiow.com.br\/site\/wp-json\/wp\/v2\/categories?post=14030"},{"taxonomy":"post_tag","embeddable":true,"href":"https:\/\/radiostudiow.com.br\/site\/wp-json\/wp\/v2\/tags?post=14030"}],"curies":[{"name":"wp","href":"https:\/\/api.w.org\/{rel}","templated":true}]}}