{"id":14048,"date":"2023-07-29T09:49:58","date_gmt":"2023-07-29T12:49:58","guid":{"rendered":"https:\/\/radiostudiow.com.br\/site\/?p=14048"},"modified":"2025-01-31T15:06:39","modified_gmt":"2025-01-31T18:06:39","slug":"mulher-e-presa-com-mais-de-um-quilo-de-cocaina-em-paulo-frontin","status":"publish","type":"post","link":"https:\/\/radiostudiow.com.br\/site\/2023\/07\/29\/mulher-e-presa-com-mais-de-um-quilo-de-cocaina-em-paulo-frontin\/","title":{"rendered":"MULHER \u00c9 PRESA COM MAIS DE UM QUILO DE COCA\u00cdNA EM PAULO FRONTIN"},"content":{"rendered":"\n<figure class=\"wp-block-image size-full\"><img decoding=\"async\" src=\"https:\/\/radiostudiow.com.br\/site\/wp-content\/uploads\/2023\/05\/image-2.png\" alt=\"\" class=\"wp-image-12867\"\/><\/figure>\n\n\n\n<p>A equipe da Pol\u00edcia Militar de Paulo Frontin recebeu informa\u00e7\u00f5es por volta das 13 horas desta quinta-feira (27), sobre um ve\u00edculo que pertence a um homem, o qual estava com um mandado de pris\u00e3o em aberto por tr\u00e1fico de drogas, se deslocando pela BR-476.\u00a0<\/p>\n\n\n\n<p>De acordo com as informa\u00e7\u00f5es repassadas para a pol\u00edcia, o suspeito teria tomado posse de um ve\u00edculo VW na cor branca. A equipe intensificou o patrulhamento nas proximidades de um posto de combust\u00edvel na rodovia, quando em certo momento avistou o ve\u00edculo com as caracter\u00edsticas, realizou a abordagem ao ve\u00edculo, sendo constatado uma mulher como condutora.&nbsp;<\/p>\n\n\n\n<figure class=\"wp-block-image size-full\"><img loading=\"lazy\" decoding=\"async\" width=\"897\" height=\"204\" src=\"https:\/\/radiostudiow.com.br\/site\/wp-content\/uploads\/2023\/07\/image-10.jpg\" alt=\"\" class=\"wp-image-13707\" srcset=\"https:\/\/radiostudiow.com.br\/site\/wp-content\/uploads\/2023\/07\/image-10.jpg 897w, https:\/\/radiostudiow.com.br\/site\/wp-content\/uploads\/2023\/07\/image-10-300x68.jpg 300w, https:\/\/radiostudiow.com.br\/site\/wp-content\/uploads\/2023\/07\/image-10-768x175.jpg 768w\" sizes=\"auto, (max-width: 897px) 100vw, 897px\" \/><\/figure>\n\n\n\n<p>Ap\u00f3s busca veicular foi localizado no interior do ve\u00edculo, dois tabletes de subst\u00e2ncia an\u00e1loga a coca\u00edna, pesados posteriormente, aferiu 1028 gramas (um quilo e vinte oito gramas), sendo um com 514 gramas e outro com 514 gramas, tamb\u00e9m com a feminina a quantia de 166 reais e 10 centavos, (cento e sessenta e seis reais e dez centavos).&nbsp;<\/p>\n\n\n\n<p>Diante dos fatos a equipe policial deu voz de pris\u00e3o a condutora, informando-lhe de seus direitos constitucionais e conduziu a mulher e o ve\u00edculo para o destacamento policial de Paulo Frontin para a confec\u00e7\u00e3o do presente boletim e posteriormente para a 4\u00aa SDP para as devidas provid\u00eancias.<\/p>\n","protected":false},"excerpt":{"rendered":"<p>A equipe da Pol\u00edcia Militar de Paulo Frontin recebeu informa\u00e7\u00f5es por volta das 13 horas desta quinta-feira (27), sobre um ve\u00edculo que pertence a um homem, o qual estava com um mandado de pris\u00e3o em aberto por tr\u00e1fico de drogas, se deslocando pela BR-476.\u00a0 De acordo com as informa\u00e7\u00f5es repassadas para a pol\u00edcia, o suspeito [&hellip;]<\/p>\n","protected":false},"author":2,"featured_media":14050,"comment_status":"open","ping_status":"open","sticky":false,"template":"","format":"standard","meta":{"footnotes":""},"categories":[2],"tags":[172],"class_list":["post-14048","post","type-post","status-publish","format-standard","has-post-thumbnail","hentry","category-policial","tag-featured"],"amp_enabled":true,"_links":{"self":[{"href":"https:\/\/radiostudiow.com.br\/site\/wp-json\/wp\/v2\/posts\/14048","targetHints":{"allow":["GET"]}}],"collection":[{"href":"https:\/\/radiostudiow.com.br\/site\/wp-json\/wp\/v2\/posts"}],"about":[{"href":"https:\/\/radiostudiow.com.br\/site\/wp-json\/wp\/v2\/types\/post"}],"author":[{"embeddable":true,"href":"https:\/\/radiostudiow.com.br\/site\/wp-json\/wp\/v2\/users\/2"}],"replies":[{"embeddable":true,"href":"https:\/\/radiostudiow.com.br\/site\/wp-json\/wp\/v2\/comments?post=14048"}],"version-history":[{"count":2,"href":"https:\/\/radiostudiow.com.br\/site\/wp-json\/wp\/v2\/posts\/14048\/revisions"}],"predecessor-version":[{"id":14051,"href":"https:\/\/radiostudiow.com.br\/site\/wp-json\/wp\/v2\/posts\/14048\/revisions\/14051"}],"wp:featuredmedia":[{"embeddable":true,"href":"https:\/\/radiostudiow.com.br\/site\/wp-json\/wp\/v2\/media\/14050"}],"wp:attachment":[{"href":"https:\/\/radiostudiow.com.br\/site\/wp-json\/wp\/v2\/media?parent=14048"}],"wp:term":[{"taxonomy":"category","embeddable":true,"href":"https:\/\/radiostudiow.com.br\/site\/wp-json\/wp\/v2\/categories?post=14048"},{"taxonomy":"post_tag","embeddable":true,"href":"https:\/\/radiostudiow.com.br\/site\/wp-json\/wp\/v2\/tags?post=14048"}],"curies":[{"name":"wp","href":"https:\/\/api.w.org\/{rel}","templated":true}]}}