{"id":14052,"date":"2023-07-29T10:03:44","date_gmt":"2023-07-29T13:03:44","guid":{"rendered":"https:\/\/radiostudiow.com.br\/site\/?p=14052"},"modified":"2025-01-31T15:06:39","modified_gmt":"2025-01-31T18:06:39","slug":"pm-de-mallet-e-acionada-para-atender-situacao-de-violencia-domestica","status":"publish","type":"post","link":"https:\/\/radiostudiow.com.br\/site\/2023\/07\/29\/pm-de-mallet-e-acionada-para-atender-situacao-de-violencia-domestica\/","title":{"rendered":"PM DE MALLET \u00c9 ACIONADA PARA ATENDER SITUA\u00c7\u00c3O DE VIOL\u00caNCIA DOM\u00c9STICA"},"content":{"rendered":"\n<p>A equipe da Pol\u00edcia Militar de Mallet foi acionada \u00e0s 22:23 horas desta quinta-feira, 27 de julho, para se deslocar at\u00e9 uma resid\u00eancia na Vila Maria, onde relatava na solicita\u00e7\u00e3o que estava havendo uma situa\u00e7\u00e3o de viol\u00eancia dom\u00e9stica.<\/p>\n\n\n\n<figure class=\"wp-block-image size-full\"><img decoding=\"async\" src=\"https:\/\/radiostudiow.com.br\/site\/wp-content\/uploads\/2023\/05\/image.png\" alt=\"\" class=\"wp-image-12658\"\/><\/figure>\n\n\n\n<p>De acordo com a solicita\u00e7\u00e3o, ouviu gritos de sua vizinha pedindo ajuda, suspeita que a mesma esteja sendo agredida pelo marido.&nbsp;<\/p>\n\n\n\n<p>De imediato a equipe policial se deslocou at\u00e9 o local e entrou em contato com a moradora da resid\u00eancia, onde veio a relatar que seu convivente teve uma crise de ci\u00fames e que o casal entrou em uma discuss\u00e3o, sendo que o mesmo lhe proferiu xingamentos, por\u00e9m, n\u00e3o houve agress\u00e3o f\u00edsica.&nbsp;<\/p>\n\n\n\n<p>Indagado a mesma sobre o interesse em representar criminalmente, respondeu que no momento n\u00e3o e que iria decidir posteriormente. O casal foi orientado.<\/p>\n\n\n\n<figure class=\"wp-block-image size-full\"><img decoding=\"async\" src=\"https:\/\/radiostudiow.com.br\/site\/wp-content\/uploads\/2023\/04\/image-12.png\" alt=\"\" class=\"wp-image-12488\"\/><\/figure>\n","protected":false},"excerpt":{"rendered":"<p>A equipe da Pol\u00edcia Militar de Mallet foi acionada \u00e0s 22:23 horas desta quinta-feira, 27 de julho, para se deslocar at\u00e9 uma resid\u00eancia na Vila Maria, onde relatava na solicita\u00e7\u00e3o que estava havendo uma situa\u00e7\u00e3o de viol\u00eancia dom\u00e9stica. De acordo com a solicita\u00e7\u00e3o, ouviu gritos de sua vizinha pedindo ajuda, suspeita que a mesma esteja [&hellip;]<\/p>\n","protected":false},"author":2,"featured_media":7749,"comment_status":"open","ping_status":"open","sticky":false,"template":"","format":"standard","meta":{"footnotes":""},"categories":[2],"tags":[172],"class_list":["post-14052","post","type-post","status-publish","format-standard","has-post-thumbnail","hentry","category-policial","tag-featured"],"amp_enabled":true,"_links":{"self":[{"href":"https:\/\/radiostudiow.com.br\/site\/wp-json\/wp\/v2\/posts\/14052","targetHints":{"allow":["GET"]}}],"collection":[{"href":"https:\/\/radiostudiow.com.br\/site\/wp-json\/wp\/v2\/posts"}],"about":[{"href":"https:\/\/radiostudiow.com.br\/site\/wp-json\/wp\/v2\/types\/post"}],"author":[{"embeddable":true,"href":"https:\/\/radiostudiow.com.br\/site\/wp-json\/wp\/v2\/users\/2"}],"replies":[{"embeddable":true,"href":"https:\/\/radiostudiow.com.br\/site\/wp-json\/wp\/v2\/comments?post=14052"}],"version-history":[{"count":2,"href":"https:\/\/radiostudiow.com.br\/site\/wp-json\/wp\/v2\/posts\/14052\/revisions"}],"predecessor-version":[{"id":14055,"href":"https:\/\/radiostudiow.com.br\/site\/wp-json\/wp\/v2\/posts\/14052\/revisions\/14055"}],"wp:featuredmedia":[{"embeddable":true,"href":"https:\/\/radiostudiow.com.br\/site\/wp-json\/wp\/v2\/media\/7749"}],"wp:attachment":[{"href":"https:\/\/radiostudiow.com.br\/site\/wp-json\/wp\/v2\/media?parent=14052"}],"wp:term":[{"taxonomy":"category","embeddable":true,"href":"https:\/\/radiostudiow.com.br\/site\/wp-json\/wp\/v2\/categories?post=14052"},{"taxonomy":"post_tag","embeddable":true,"href":"https:\/\/radiostudiow.com.br\/site\/wp-json\/wp\/v2\/tags?post=14052"}],"curies":[{"name":"wp","href":"https:\/\/api.w.org\/{rel}","templated":true}]}}