{"id":14057,"date":"2023-07-31T09:56:48","date_gmt":"2023-07-31T12:56:48","guid":{"rendered":"https:\/\/radiostudiow.com.br\/site\/?p=14057"},"modified":"2025-01-31T15:06:39","modified_gmt":"2025-01-31T18:06:39","slug":"ciclista-de-65-anos-morre-apos-ser-atropelado-em-sao-mateus-do-sul","status":"publish","type":"post","link":"https:\/\/radiostudiow.com.br\/site\/2023\/07\/31\/ciclista-de-65-anos-morre-apos-ser-atropelado-em-sao-mateus-do-sul\/","title":{"rendered":"CICLISTA DE 65 ANOS MORRE AP\u00d3S SER ATROPELADO EM S\u00c3O MATEUS DO SUL\u00a0"},"content":{"rendered":"\n<p><strong><em>Um idoso de 65 anos, identificado como Henrique Majeski, morreu ap\u00f3s ser atropelado na PR-151, na altura do quil\u00f4metro 475, na regi\u00e3o do Lageado, em S\u00e3o Mateus do Sul.<\/em><\/strong><\/p>\n\n\n\n<figure class=\"wp-block-image size-large\"><img decoding=\"async\" src=\"https:\/\/radiostudiow.com.br\/site\/wp-content\/uploads\/2023\/07\/image-34-1024x387.png\" alt=\"\" class=\"wp-image-13860\"\/><\/figure>\n\n\n\n<p>No in\u00edcio da noite deste domingo, 30 de julho, as equipes do Siate e Samu de S\u00e3o Mateus do Sul foram acionadas para atender um acidente do tipo atropelamento, envolvendo uma motocicleta Honda Biz 125 e uma bicicleta.<\/p>\n\n\n\n<p>Na moto, estava uma jovem de 23 anos, que inicialmente foi socorrida ao Pronto Atendimento Municipal, mas devido \u00e0 gravidade dos ferimentos, teve de ser transferida a um hospital em Uni\u00e3o da Vit\u00f3ria.<\/p>\n\n\n\n<p>J\u00e1 o ciclista de 65 anos, tamb\u00e9m foi socorrido e encaminhado ao Pronto Atendimento Municipal, mas ao dar entrada acabou n\u00e3o resistindo e entrou em \u00f3bito.<\/p>\n\n\n\n<p>A Pol\u00edcia Rodovi\u00e1ria Estadual (PRE) tamb\u00e9m foi acionada e confeccionou o boletim de ocorr\u00eancia.<\/p>\n\n\n\n<figure class=\"wp-block-image size-full\"><img loading=\"lazy\" decoding=\"async\" width=\"897\" height=\"204\" src=\"https:\/\/radiostudiow.com.br\/site\/wp-content\/uploads\/2023\/07\/image-10.jpg\" alt=\"\" class=\"wp-image-13707\" srcset=\"https:\/\/radiostudiow.com.br\/site\/wp-content\/uploads\/2023\/07\/image-10.jpg 897w, https:\/\/radiostudiow.com.br\/site\/wp-content\/uploads\/2023\/07\/image-10-300x68.jpg 300w, https:\/\/radiostudiow.com.br\/site\/wp-content\/uploads\/2023\/07\/image-10-768x175.jpg 768w\" sizes=\"auto, (max-width: 897px) 100vw, 897px\" \/><\/figure>\n\n\n\n<p>O corpo foi recolhido e encaminhado ao Instituto M\u00e9dico Legal (IML) de Uni\u00e3o da Vit\u00f3ria, e ap\u00f3s liberado, ser\u00e1 trasladado para S\u00e3o Mateus do Sul, onde ser\u00e1 velado no pavilh\u00e3o da igreja do Lageado. O sepultamento segunda-feira (31), \u00e0s 18h, no cemit\u00e9rio da Divisa.<\/p>\n","protected":false},"excerpt":{"rendered":"<p>Um idoso de 65 anos, identificado como Henrique Majeski, morreu ap\u00f3s ser atropelado na PR-151, na altura do quil\u00f4metro 475, na regi\u00e3o do Lageado, em S\u00e3o Mateus do Sul. No in\u00edcio da noite deste domingo, 30 de julho, as equipes do Siate e Samu de S\u00e3o Mateus do Sul foram acionadas para atender um acidente [&hellip;]<\/p>\n","protected":false},"author":2,"featured_media":14058,"comment_status":"open","ping_status":"open","sticky":false,"template":"","format":"standard","meta":{"footnotes":""},"categories":[2],"tags":[172],"class_list":["post-14057","post","type-post","status-publish","format-standard","has-post-thumbnail","hentry","category-policial","tag-featured"],"amp_enabled":true,"_links":{"self":[{"href":"https:\/\/radiostudiow.com.br\/site\/wp-json\/wp\/v2\/posts\/14057","targetHints":{"allow":["GET"]}}],"collection":[{"href":"https:\/\/radiostudiow.com.br\/site\/wp-json\/wp\/v2\/posts"}],"about":[{"href":"https:\/\/radiostudiow.com.br\/site\/wp-json\/wp\/v2\/types\/post"}],"author":[{"embeddable":true,"href":"https:\/\/radiostudiow.com.br\/site\/wp-json\/wp\/v2\/users\/2"}],"replies":[{"embeddable":true,"href":"https:\/\/radiostudiow.com.br\/site\/wp-json\/wp\/v2\/comments?post=14057"}],"version-history":[{"count":1,"href":"https:\/\/radiostudiow.com.br\/site\/wp-json\/wp\/v2\/posts\/14057\/revisions"}],"predecessor-version":[{"id":14059,"href":"https:\/\/radiostudiow.com.br\/site\/wp-json\/wp\/v2\/posts\/14057\/revisions\/14059"}],"wp:featuredmedia":[{"embeddable":true,"href":"https:\/\/radiostudiow.com.br\/site\/wp-json\/wp\/v2\/media\/14058"}],"wp:attachment":[{"href":"https:\/\/radiostudiow.com.br\/site\/wp-json\/wp\/v2\/media?parent=14057"}],"wp:term":[{"taxonomy":"category","embeddable":true,"href":"https:\/\/radiostudiow.com.br\/site\/wp-json\/wp\/v2\/categories?post=14057"},{"taxonomy":"post_tag","embeddable":true,"href":"https:\/\/radiostudiow.com.br\/site\/wp-json\/wp\/v2\/tags?post=14057"}],"curies":[{"name":"wp","href":"https:\/\/api.w.org\/{rel}","templated":true}]}}