{"id":14060,"date":"2023-07-31T21:03:49","date_gmt":"2023-08-01T00:03:49","guid":{"rendered":"https:\/\/radiostudiow.com.br\/site\/?p=14060"},"modified":"2025-01-31T15:06:39","modified_gmt":"2025-01-31T18:06:39","slug":"policia-militar-de-mallet-e-acionada-apos-ameacas-entre-vizinhos","status":"publish","type":"post","link":"https:\/\/radiostudiow.com.br\/site\/2023\/07\/31\/policia-militar-de-mallet-e-acionada-apos-ameacas-entre-vizinhos\/","title":{"rendered":"POL\u00cdCIA MILITAR DE MALLET \u00c9 ACIONADA AP\u00d3S AMEA\u00c7AS ENTRE VIZINHOS\u00a0"},"content":{"rendered":"\n<p>No in\u00edcio da tarde deste domingo (30), por volta das 17h15min, a equipe da Pol\u00edcia Militar de Mallet foi acionada para atender a uma ocorr\u00eancia de amea\u00e7a em Mallet, ap\u00f3s um conflito entre vizinhos.<\/p>\n\n\n\n<figure class=\"wp-block-image size-full\"><img decoding=\"async\" src=\"https:\/\/radiostudiow.com.br\/site\/wp-content\/uploads\/2023\/02\/image-20.png\" alt=\"\" class=\"wp-image-11402\"\/><\/figure>\n\n\n\n<p>Segundo informa\u00e7\u00f5es obtidas no local, o solicitante relatou que seu vizinho o havia amea\u00e7ado ap\u00f3s seu filho, um adolescente de 16 anos, soltar uma bombinha (roj\u00e3o) no p\u00e1tio de casa. O senhor se sentiu incomodado com o ato e confrontou o pai do adolescente em frente \u00e0 sua resid\u00eancia.<\/p>\n\n\n\n<p>Ap\u00f3s conversar com a v\u00edtima, os policiais colheram informa\u00e7\u00f5es sobre a situa\u00e7\u00e3o. O pai do adolescente explicou que seu filho soltou o artefato explosivo no p\u00e1tio, o que aparentemente causou desconforto ao vizinho. Em resposta, o vizinho teria se dirigido \u00e0 frente da casa da fam\u00edlia e feito amea\u00e7as tanto ao adolescente quanto ao pai.<\/p>\n\n\n\n<figure class=\"wp-block-image size-full\"><img loading=\"lazy\" decoding=\"async\" width=\"897\" height=\"204\" src=\"https:\/\/radiostudiow.com.br\/site\/wp-content\/uploads\/2023\/07\/image-10.jpg\" alt=\"\" class=\"wp-image-13707\" srcset=\"https:\/\/radiostudiow.com.br\/site\/wp-content\/uploads\/2023\/07\/image-10.jpg 897w, https:\/\/radiostudiow.com.br\/site\/wp-content\/uploads\/2023\/07\/image-10-300x68.jpg 300w, https:\/\/radiostudiow.com.br\/site\/wp-content\/uploads\/2023\/07\/image-10-768x175.jpg 768w\" sizes=\"auto, (max-width: 897px) 100vw, 897px\" \/><\/figure>\n\n\n\n<p>Diante dos fatos relatados pelas partes envolvidas, os policiais conduziram ambos ao Pelot\u00e3o da Pol\u00edcia Militar para a confec\u00e7\u00e3o do Termo Circunstanciado.<\/p>\n","protected":false},"excerpt":{"rendered":"<p>No in\u00edcio da tarde deste domingo (30), por volta das 17h15min, a equipe da Pol\u00edcia Militar de Mallet foi acionada para atender a uma ocorr\u00eancia de amea\u00e7a em Mallet, ap\u00f3s um conflito entre vizinhos. Segundo informa\u00e7\u00f5es obtidas no local, o solicitante relatou que seu vizinho o havia amea\u00e7ado ap\u00f3s seu filho, um adolescente de 16 [&hellip;]<\/p>\n","protected":false},"author":2,"featured_media":10642,"comment_status":"open","ping_status":"open","sticky":false,"template":"","format":"standard","meta":{"footnotes":""},"categories":[2],"tags":[172],"class_list":["post-14060","post","type-post","status-publish","format-standard","has-post-thumbnail","hentry","category-policial","tag-featured"],"amp_enabled":true,"_links":{"self":[{"href":"https:\/\/radiostudiow.com.br\/site\/wp-json\/wp\/v2\/posts\/14060","targetHints":{"allow":["GET"]}}],"collection":[{"href":"https:\/\/radiostudiow.com.br\/site\/wp-json\/wp\/v2\/posts"}],"about":[{"href":"https:\/\/radiostudiow.com.br\/site\/wp-json\/wp\/v2\/types\/post"}],"author":[{"embeddable":true,"href":"https:\/\/radiostudiow.com.br\/site\/wp-json\/wp\/v2\/users\/2"}],"replies":[{"embeddable":true,"href":"https:\/\/radiostudiow.com.br\/site\/wp-json\/wp\/v2\/comments?post=14060"}],"version-history":[{"count":3,"href":"https:\/\/radiostudiow.com.br\/site\/wp-json\/wp\/v2\/posts\/14060\/revisions"}],"predecessor-version":[{"id":14086,"href":"https:\/\/radiostudiow.com.br\/site\/wp-json\/wp\/v2\/posts\/14060\/revisions\/14086"}],"wp:featuredmedia":[{"embeddable":true,"href":"https:\/\/radiostudiow.com.br\/site\/wp-json\/wp\/v2\/media\/10642"}],"wp:attachment":[{"href":"https:\/\/radiostudiow.com.br\/site\/wp-json\/wp\/v2\/media?parent=14060"}],"wp:term":[{"taxonomy":"category","embeddable":true,"href":"https:\/\/radiostudiow.com.br\/site\/wp-json\/wp\/v2\/categories?post=14060"},{"taxonomy":"post_tag","embeddable":true,"href":"https:\/\/radiostudiow.com.br\/site\/wp-json\/wp\/v2\/tags?post=14060"}],"curies":[{"name":"wp","href":"https:\/\/api.w.org\/{rel}","templated":true}]}}