{"id":14067,"date":"2023-07-31T17:19:19","date_gmt":"2023-07-31T20:19:19","guid":{"rendered":"https:\/\/radiostudiow.com.br\/site\/?p=14067"},"modified":"2025-01-31T15:06:39","modified_gmt":"2025-01-31T18:06:39","slug":"jovem-de-24-anos-morre-apos-acidente-em-uniao-da-vitoria","status":"publish","type":"post","link":"https:\/\/radiostudiow.com.br\/site\/2023\/07\/31\/jovem-de-24-anos-morre-apos-acidente-em-uniao-da-vitoria\/","title":{"rendered":"JOVEM DE 24 ANOS MORRE AP\u00d3S ACIDENTE EM UNI\u00c3O DA VIT\u00d3RIA"},"content":{"rendered":"\n<p>Um jovem identificado como Edson Alefer Bueno da Silva de 24 anos, morreu ap\u00f3s se envolver em um grave acidente na Avenida Bento Munhoz da Rocha Neto, em Uni\u00e3o da Vit\u00f3ria, entre uma moto Yamaha e um VW\/Gol, ambos de cor vermelha na madrugada deste s\u00e1bado (29).\u00a0<\/p>\n\n\n\n<figure class=\"wp-block-image size-full\"><img decoding=\"async\" src=\"https:\/\/radiostudiow.com.br\/site\/wp-content\/uploads\/2023\/02\/image-21.png\" alt=\"\" class=\"wp-image-11405\"\/><\/figure>\n\n\n\n<p>O Corpo de Bombeiros foi at\u00e9 o local e constatou que na motocicleta havia dois ocupantes, com 24 anos, que estavam ca\u00eddos na via, sendo socorridos e encaminhados em estado grave ao Hospital Regional, sendo que um deles apresentava Traumatismo Craniano Encef\u00e1lico, e o outro com menos gravidade, apresentava uma fratura nos bra\u00e7os e escoria\u00e7\u00f5es.&nbsp;<\/p>\n\n\n\n<p>A Pol\u00edcia Militar tamb\u00e9m foi acionada para atender a ocorr\u00eancia, encontrando a motocicleta ca\u00edda sobre a pista.<\/p>\n","protected":false},"excerpt":{"rendered":"<p>Um jovem identificado como Edson Alefer Bueno da Silva de 24 anos, morreu ap\u00f3s se envolver em um grave acidente na Avenida Bento Munhoz da Rocha Neto, em Uni\u00e3o da Vit\u00f3ria, entre uma moto Yamaha e um VW\/Gol, ambos de cor vermelha na madrugada deste s\u00e1bado (29).\u00a0 O Corpo de Bombeiros foi at\u00e9 o local [&hellip;]<\/p>\n","protected":false},"author":2,"featured_media":0,"comment_status":"open","ping_status":"open","sticky":false,"template":"","format":"standard","meta":{"footnotes":""},"categories":[2],"tags":[172],"class_list":["post-14067","post","type-post","status-publish","format-standard","hentry","category-policial","tag-featured"],"amp_enabled":true,"_links":{"self":[{"href":"https:\/\/radiostudiow.com.br\/site\/wp-json\/wp\/v2\/posts\/14067","targetHints":{"allow":["GET"]}}],"collection":[{"href":"https:\/\/radiostudiow.com.br\/site\/wp-json\/wp\/v2\/posts"}],"about":[{"href":"https:\/\/radiostudiow.com.br\/site\/wp-json\/wp\/v2\/types\/post"}],"author":[{"embeddable":true,"href":"https:\/\/radiostudiow.com.br\/site\/wp-json\/wp\/v2\/users\/2"}],"replies":[{"embeddable":true,"href":"https:\/\/radiostudiow.com.br\/site\/wp-json\/wp\/v2\/comments?post=14067"}],"version-history":[{"count":1,"href":"https:\/\/radiostudiow.com.br\/site\/wp-json\/wp\/v2\/posts\/14067\/revisions"}],"predecessor-version":[{"id":14069,"href":"https:\/\/radiostudiow.com.br\/site\/wp-json\/wp\/v2\/posts\/14067\/revisions\/14069"}],"wp:attachment":[{"href":"https:\/\/radiostudiow.com.br\/site\/wp-json\/wp\/v2\/media?parent=14067"}],"wp:term":[{"taxonomy":"category","embeddable":true,"href":"https:\/\/radiostudiow.com.br\/site\/wp-json\/wp\/v2\/categories?post=14067"},{"taxonomy":"post_tag","embeddable":true,"href":"https:\/\/radiostudiow.com.br\/site\/wp-json\/wp\/v2\/tags?post=14067"}],"curies":[{"name":"wp","href":"https:\/\/api.w.org\/{rel}","templated":true}]}}