{"id":14070,"date":"2023-07-31T17:30:02","date_gmt":"2023-07-31T20:30:02","guid":{"rendered":"https:\/\/radiostudiow.com.br\/site\/?p=14070"},"modified":"2025-01-31T15:06:39","modified_gmt":"2025-01-31T18:06:39","slug":"condutora-sofre-ferimentos-graves-apos-capotamento-na-pr-151-em-sao-mateus-do-sul","status":"publish","type":"post","link":"https:\/\/radiostudiow.com.br\/site\/2023\/07\/31\/condutora-sofre-ferimentos-graves-apos-capotamento-na-pr-151-em-sao-mateus-do-sul\/","title":{"rendered":"CONDUTORA SOFRE FERIMENTOS GRAVES AP\u00d3S CAPOTAMENTO NA PR-151, EM S\u00c3O MATEUS DO SUL"},"content":{"rendered":"\n<p>As equipes da Pol\u00edcia Rodovi\u00e1ria Estadual (PRE) e do Corpo de Bombeiros de S\u00e3o Mateus do Sul foram acionadas para prestar atendimento a uma ocorr\u00eancia de capotamento na PR-151, regi\u00e3o do Lageado, por volta das 07:50 horas desta segunda-feira (31).\u00a0<\/p>\n\n\n\n<figure class=\"wp-block-image size-full\"><img loading=\"lazy\" decoding=\"async\" width=\"768\" height=\"175\" src=\"https:\/\/radiostudiow.com.br\/site\/wp-content\/uploads\/2023\/03\/image-22.png\" alt=\"\" class=\"wp-image-12046\" srcset=\"https:\/\/radiostudiow.com.br\/site\/wp-content\/uploads\/2023\/03\/image-22.png 768w, https:\/\/radiostudiow.com.br\/site\/wp-content\/uploads\/2023\/03\/image-22-300x68.png 300w\" sizes=\"auto, (max-width: 768px) 100vw, 768px\" \/><\/figure>\n\n\n\n<p>Segundo informa\u00e7\u00f5es do Corpo de Bombeiros, a condutora de um ve\u00edculo Sandero, de 40 anos, sofreu ferimentos graves com suspeita de diversas fraturas e foi encaminhada ao Pronto Atendimento Municipal de S\u00e3o Mateus do Sul.&nbsp;<\/p>\n\n\n\n<p>As placas do ve\u00edculo s\u00e3o de Bela Vista do Toldo, mas a v\u00edtima atendida com ferimentos \u00e9 de S\u00e3o Mateus do Sul, sem identifica\u00e7\u00e3o divulgada.<\/p>\n\n\n\n<figure class=\"wp-block-image size-full\"><img loading=\"lazy\" decoding=\"async\" width=\"1024\" height=\"576\" src=\"https:\/\/radiostudiow.com.br\/site\/wp-content\/uploads\/2023\/07\/image-66.png\" alt=\"\" class=\"wp-image-14071\" srcset=\"https:\/\/radiostudiow.com.br\/site\/wp-content\/uploads\/2023\/07\/image-66.png 1024w, https:\/\/radiostudiow.com.br\/site\/wp-content\/uploads\/2023\/07\/image-66-300x169.png 300w, https:\/\/radiostudiow.com.br\/site\/wp-content\/uploads\/2023\/07\/image-66-768x432.png 768w\" sizes=\"auto, (max-width: 1024px) 100vw, 1024px\" \/><\/figure>\n","protected":false},"excerpt":{"rendered":"<p>As equipes da Pol\u00edcia Rodovi\u00e1ria Estadual (PRE) e do Corpo de Bombeiros de S\u00e3o Mateus do Sul foram acionadas para prestar atendimento a uma ocorr\u00eancia de capotamento na PR-151, regi\u00e3o do Lageado, por volta das 07:50 horas desta segunda-feira (31).\u00a0 Segundo informa\u00e7\u00f5es do Corpo de Bombeiros, a condutora de um ve\u00edculo Sandero, de 40 anos, [&hellip;]<\/p>\n","protected":false},"author":2,"featured_media":14072,"comment_status":"open","ping_status":"open","sticky":false,"template":"","format":"standard","meta":{"footnotes":""},"categories":[2],"tags":[172],"class_list":["post-14070","post","type-post","status-publish","format-standard","has-post-thumbnail","hentry","category-policial","tag-featured"],"amp_enabled":true,"_links":{"self":[{"href":"https:\/\/radiostudiow.com.br\/site\/wp-json\/wp\/v2\/posts\/14070","targetHints":{"allow":["GET"]}}],"collection":[{"href":"https:\/\/radiostudiow.com.br\/site\/wp-json\/wp\/v2\/posts"}],"about":[{"href":"https:\/\/radiostudiow.com.br\/site\/wp-json\/wp\/v2\/types\/post"}],"author":[{"embeddable":true,"href":"https:\/\/radiostudiow.com.br\/site\/wp-json\/wp\/v2\/users\/2"}],"replies":[{"embeddable":true,"href":"https:\/\/radiostudiow.com.br\/site\/wp-json\/wp\/v2\/comments?post=14070"}],"version-history":[{"count":1,"href":"https:\/\/radiostudiow.com.br\/site\/wp-json\/wp\/v2\/posts\/14070\/revisions"}],"predecessor-version":[{"id":14073,"href":"https:\/\/radiostudiow.com.br\/site\/wp-json\/wp\/v2\/posts\/14070\/revisions\/14073"}],"wp:featuredmedia":[{"embeddable":true,"href":"https:\/\/radiostudiow.com.br\/site\/wp-json\/wp\/v2\/media\/14072"}],"wp:attachment":[{"href":"https:\/\/radiostudiow.com.br\/site\/wp-json\/wp\/v2\/media?parent=14070"}],"wp:term":[{"taxonomy":"category","embeddable":true,"href":"https:\/\/radiostudiow.com.br\/site\/wp-json\/wp\/v2\/categories?post=14070"},{"taxonomy":"post_tag","embeddable":true,"href":"https:\/\/radiostudiow.com.br\/site\/wp-json\/wp\/v2\/tags?post=14070"}],"curies":[{"name":"wp","href":"https:\/\/api.w.org\/{rel}","templated":true}]}}