{"id":14075,"date":"2023-07-31T21:01:39","date_gmt":"2023-08-01T00:01:39","guid":{"rendered":"https:\/\/radiostudiow.com.br\/site\/?p=14075"},"modified":"2025-01-31T15:06:39","modified_gmt":"2025-01-31T18:06:39","slug":"pm-e-acionada-para-conter-perturbacao-de-sossego-em-bar-de-paulo-frontin-resultando-em-dano-ao-estabelecimento","status":"publish","type":"post","link":"https:\/\/radiostudiow.com.br\/site\/2023\/07\/31\/pm-e-acionada-para-conter-perturbacao-de-sossego-em-bar-de-paulo-frontin-resultando-em-dano-ao-estabelecimento\/","title":{"rendered":"PM \u00c9 ACIONADA PARA CONTER PERTURBA\u00c7\u00c3O DE SOSSEGO EM BAR DE PAULO FRONTIN, RESULTANDO EM DANO AO ESTABELECIMENTO\u00a0"},"content":{"rendered":"\n<p>Na noite de domingo (30), por volta das 19h00, a equipe policial foi acionada para atender a uma ocorr\u00eancia de perturba\u00e7\u00e3o de sossego em um bar localizado no trevo de acesso \u00e0 cidade de Paulo Frontin. Segundo informa\u00e7\u00f5es, a perturba\u00e7\u00e3o de sossego, caracterizada pelo som alto e algazarras, \u00e9 um acontecimento recorrente no estabelecimento.<\/p>\n\n\n\n<figure class=\"wp-block-image size-full\"><img decoding=\"async\" src=\"https:\/\/radiostudiow.com.br\/site\/wp-content\/uploads\/2023\/05\/image-2.png\" alt=\"\" class=\"wp-image-12867\"\/><\/figure>\n\n\n\n<p>Ao chegar ao local, os policiais tentaram entrar em contato com o dono do bar a fim de resolver a situa\u00e7\u00e3o pacificamente. No entanto, o propriet\u00e1rio se recusou a abrir a porta do estabelecimento. Do lado de dentro, um indiv\u00edduo do sexo masculino apresentou comportamento agressivo e proferiu amea\u00e7as contra os policiais, chegando a danificar algumas garrafas.<\/p>\n\n\n\n<p>Diante da negativa do dono do bar em colaborar com os policiais, a equipe tentou contornar a situa\u00e7\u00e3o ao entrar por tr\u00e1s do estabelecimento. No entanto, o indiv\u00edduo agressivo conseguiu escapar pela mata pr\u00f3xima, tornando-se imposs\u00edvel visualizar o seu rumo.<\/p>\n\n\n\n<figure class=\"wp-block-image size-full\"><img loading=\"lazy\" decoding=\"async\" width=\"897\" height=\"204\" src=\"https:\/\/radiostudiow.com.br\/site\/wp-content\/uploads\/2023\/07\/image-10.jpg\" alt=\"\" class=\"wp-image-13707\" srcset=\"https:\/\/radiostudiow.com.br\/site\/wp-content\/uploads\/2023\/07\/image-10.jpg 897w, https:\/\/radiostudiow.com.br\/site\/wp-content\/uploads\/2023\/07\/image-10-300x68.jpg 300w, https:\/\/radiostudiow.com.br\/site\/wp-content\/uploads\/2023\/07\/image-10-768x175.jpg 768w\" sizes=\"auto, (max-width: 897px) 100vw, 897px\" \/><\/figure>\n\n\n\n<p>O solicitante, provavelmente cansado de lidar com a perturba\u00e7\u00e3o de sossego que ocorre diariamente, optou por n\u00e3o representar legalmente contra o estabelecimento. Diante disso, a equipe policial orientou o propriet\u00e1rio a fechar o bar, a fim de encerrar as atividades que estavam perturbando a tranquilidade dos moradores da regi\u00e3o.<\/p>\n\n\n\n<p>Os policiais realizaram patrulhamento em busca do indiv\u00edduo, por\u00e9m ele n\u00e3o foi encontrado.<\/p>\n","protected":false},"excerpt":{"rendered":"<p>Na noite de domingo (30), por volta das 19h00, a equipe policial foi acionada para atender a uma ocorr\u00eancia de perturba\u00e7\u00e3o de sossego em um bar localizado no trevo de acesso \u00e0 cidade de Paulo Frontin. Segundo informa\u00e7\u00f5es, a perturba\u00e7\u00e3o de sossego, caracterizada pelo som alto e algazarras, \u00e9 um acontecimento recorrente no estabelecimento. Ao [&hellip;]<\/p>\n","protected":false},"author":2,"featured_media":13458,"comment_status":"open","ping_status":"open","sticky":false,"template":"","format":"standard","meta":{"footnotes":""},"categories":[2],"tags":[172],"class_list":["post-14075","post","type-post","status-publish","format-standard","has-post-thumbnail","hentry","category-policial","tag-featured"],"amp_enabled":true,"_links":{"self":[{"href":"https:\/\/radiostudiow.com.br\/site\/wp-json\/wp\/v2\/posts\/14075","targetHints":{"allow":["GET"]}}],"collection":[{"href":"https:\/\/radiostudiow.com.br\/site\/wp-json\/wp\/v2\/posts"}],"about":[{"href":"https:\/\/radiostudiow.com.br\/site\/wp-json\/wp\/v2\/types\/post"}],"author":[{"embeddable":true,"href":"https:\/\/radiostudiow.com.br\/site\/wp-json\/wp\/v2\/users\/2"}],"replies":[{"embeddable":true,"href":"https:\/\/radiostudiow.com.br\/site\/wp-json\/wp\/v2\/comments?post=14075"}],"version-history":[{"count":2,"href":"https:\/\/radiostudiow.com.br\/site\/wp-json\/wp\/v2\/posts\/14075\/revisions"}],"predecessor-version":[{"id":14085,"href":"https:\/\/radiostudiow.com.br\/site\/wp-json\/wp\/v2\/posts\/14075\/revisions\/14085"}],"wp:featuredmedia":[{"embeddable":true,"href":"https:\/\/radiostudiow.com.br\/site\/wp-json\/wp\/v2\/media\/13458"}],"wp:attachment":[{"href":"https:\/\/radiostudiow.com.br\/site\/wp-json\/wp\/v2\/media?parent=14075"}],"wp:term":[{"taxonomy":"category","embeddable":true,"href":"https:\/\/radiostudiow.com.br\/site\/wp-json\/wp\/v2\/categories?post=14075"},{"taxonomy":"post_tag","embeddable":true,"href":"https:\/\/radiostudiow.com.br\/site\/wp-json\/wp\/v2\/tags?post=14075"}],"curies":[{"name":"wp","href":"https:\/\/api.w.org\/{rel}","templated":true}]}}