{"id":14180,"date":"2023-08-03T10:10:25","date_gmt":"2023-08-03T13:10:25","guid":{"rendered":"https:\/\/radiostudiow.com.br\/site\/?p=14180"},"modified":"2025-01-31T15:06:38","modified_gmt":"2025-01-31T18:06:38","slug":"reuniao-dos-gestores-de-cultura-da-regiao-sul-do-parana-foi-sediado-em-mallet","status":"publish","type":"post","link":"https:\/\/radiostudiow.com.br\/site\/2023\/08\/03\/reuniao-dos-gestores-de-cultura-da-regiao-sul-do-parana-foi-sediado-em-mallet\/","title":{"rendered":"REUNI\u00c3O DOS GESTORES DE CULTURA DA REGI\u00c3O SUL DO PARAN\u00c1 FOI SEDIADO EM MALLET\u00a0"},"content":{"rendered":"\n<figure class=\"wp-block-image size-full\"><img decoding=\"async\" src=\"https:\/\/radiostudiow.com.br\/site\/wp-content\/uploads\/2023\/05\/image.png\" alt=\"\" class=\"wp-image-12658\"\/><\/figure>\n\n\n\n<p>Na \u00faltima quinta-feira dia 27 de julho foi sediado em Mallet a reuni\u00e3o dos gestores de Cultura da regi\u00e3o sul do Paran\u00e1.<\/p>\n\n\n\n<p>Participaram gestores de Paulo Frontin ,Paula Freitas Cruz Machado. General Carneiro,Uni\u00e3o da Vit\u00f3ria,Porto Vit\u00f3ria e Mallet.<\/p>\n\n\n\n<p>De acordo com a anfitri\u00e3 do evento a Secret\u00e1ria da Cultura e Turismo de Mallet, Maria Margarete Grden Szinvelski, o encontro teve a presen\u00e7a do agente regional de Cultura e foi tratado sobre os editais da Lei Paulo Gustavo que beneficiar\u00e1 v\u00e1rios artistas da nossa regi\u00e3o.<\/p>\n\n\n\n<figure class=\"wp-block-image size-full\"><img loading=\"lazy\" decoding=\"async\" width=\"897\" height=\"204\" src=\"https:\/\/radiostudiow.com.br\/site\/wp-content\/uploads\/2023\/07\/image-10.jpg\" alt=\"\" class=\"wp-image-13707\" srcset=\"https:\/\/radiostudiow.com.br\/site\/wp-content\/uploads\/2023\/07\/image-10.jpg 897w, https:\/\/radiostudiow.com.br\/site\/wp-content\/uploads\/2023\/07\/image-10-300x68.jpg 300w, https:\/\/radiostudiow.com.br\/site\/wp-content\/uploads\/2023\/07\/image-10-768x175.jpg 768w\" sizes=\"auto, (max-width: 897px) 100vw, 897px\" \/><\/figure>\n\n\n\n<figure class=\"wp-block-image size-large\"><img loading=\"lazy\" decoding=\"async\" width=\"1024\" height=\"770\" src=\"https:\/\/radiostudiow.com.br\/site\/wp-content\/uploads\/2023\/08\/image-29-1024x770.png\" alt=\"\" class=\"wp-image-14182\" srcset=\"https:\/\/radiostudiow.com.br\/site\/wp-content\/uploads\/2023\/08\/image-29-1024x770.png 1024w, https:\/\/radiostudiow.com.br\/site\/wp-content\/uploads\/2023\/08\/image-29-300x226.png 300w, https:\/\/radiostudiow.com.br\/site\/wp-content\/uploads\/2023\/08\/image-29-768x578.png 768w, https:\/\/radiostudiow.com.br\/site\/wp-content\/uploads\/2023\/08\/image-29.png 1280w\" sizes=\"auto, (max-width: 1024px) 100vw, 1024px\" \/><\/figure>\n","protected":false},"excerpt":{"rendered":"<p>Na \u00faltima quinta-feira dia 27 de julho foi sediado em Mallet a reuni\u00e3o dos gestores de Cultura da regi\u00e3o sul do Paran\u00e1. Participaram gestores de Paulo Frontin ,Paula Freitas Cruz Machado. General Carneiro,Uni\u00e3o da Vit\u00f3ria,Porto Vit\u00f3ria e Mallet. De acordo com a anfitri\u00e3 do evento a Secret\u00e1ria da Cultura e Turismo de Mallet, Maria Margarete [&hellip;]<\/p>\n","protected":false},"author":2,"featured_media":14181,"comment_status":"open","ping_status":"open","sticky":false,"template":"","format":"standard","meta":{"footnotes":""},"categories":[184],"tags":[172],"class_list":["post-14180","post","type-post","status-publish","format-standard","has-post-thumbnail","hentry","category-local","tag-featured"],"amp_enabled":true,"_links":{"self":[{"href":"https:\/\/radiostudiow.com.br\/site\/wp-json\/wp\/v2\/posts\/14180","targetHints":{"allow":["GET"]}}],"collection":[{"href":"https:\/\/radiostudiow.com.br\/site\/wp-json\/wp\/v2\/posts"}],"about":[{"href":"https:\/\/radiostudiow.com.br\/site\/wp-json\/wp\/v2\/types\/post"}],"author":[{"embeddable":true,"href":"https:\/\/radiostudiow.com.br\/site\/wp-json\/wp\/v2\/users\/2"}],"replies":[{"embeddable":true,"href":"https:\/\/radiostudiow.com.br\/site\/wp-json\/wp\/v2\/comments?post=14180"}],"version-history":[{"count":1,"href":"https:\/\/radiostudiow.com.br\/site\/wp-json\/wp\/v2\/posts\/14180\/revisions"}],"predecessor-version":[{"id":14183,"href":"https:\/\/radiostudiow.com.br\/site\/wp-json\/wp\/v2\/posts\/14180\/revisions\/14183"}],"wp:featuredmedia":[{"embeddable":true,"href":"https:\/\/radiostudiow.com.br\/site\/wp-json\/wp\/v2\/media\/14181"}],"wp:attachment":[{"href":"https:\/\/radiostudiow.com.br\/site\/wp-json\/wp\/v2\/media?parent=14180"}],"wp:term":[{"taxonomy":"category","embeddable":true,"href":"https:\/\/radiostudiow.com.br\/site\/wp-json\/wp\/v2\/categories?post=14180"},{"taxonomy":"post_tag","embeddable":true,"href":"https:\/\/radiostudiow.com.br\/site\/wp-json\/wp\/v2\/tags?post=14180"}],"curies":[{"name":"wp","href":"https:\/\/api.w.org\/{rel}","templated":true}]}}