{"id":14225,"date":"2023-08-05T09:45:42","date_gmt":"2023-08-05T12:45:42","guid":{"rendered":"https:\/\/radiostudiow.com.br\/site\/?p=14225"},"modified":"2025-01-31T15:06:38","modified_gmt":"2025-01-31T18:06:38","slug":"roda-de-conversa-do-agosto-lilas-acontece-dia-09-de-agosto","status":"publish","type":"post","link":"https:\/\/radiostudiow.com.br\/site\/2023\/08\/05\/roda-de-conversa-do-agosto-lilas-acontece-dia-09-de-agosto\/","title":{"rendered":"RODA DE CONVERSA DO AGOSTO LILAS ACONTECE DIA 09 DE AGOSTO"},"content":{"rendered":"\n<p><em>Neste ano de 2023, no dia 07 de Agosto, a Lei Maria da Penha completa seus 17 anos de exist\u00eancia, uma importante vit\u00f3ria para as mulheres brasileiras. Mesmo com essa conquista, infelizmente os casos de Viol\u00eancia contra a Mulher no Brasil, tem uma das mais altas taxas de feminic\u00eddio do mundo, ocupando o 5\u00ba lugar no ranking mundial.<\/em><\/p>\n\n\n\n<figure class=\"wp-block-image size-full\"><img decoding=\"async\" src=\"https:\/\/radiostudiow.com.br\/site\/wp-content\/uploads\/2023\/05\/image.png\" alt=\"\" class=\"wp-image-12658\"\/><\/figure>\n\n\n\n<p>Esta \u00e9 uma realidade que n\u00e3o ocorre somente nos grandes centros, vemos por meio de nossas publica\u00e7\u00f5es, da Studio W, o grande n\u00famero de casos onde mulheres s\u00e3o v\u00edtimas de agress\u00f5es por parte de seus parceiros.&nbsp;<\/p>\n\n\n\n<p>Entretanto, ao mesmo tempo que nos deparamos com not\u00edcias como esta, recebemos e divulgamos mat\u00e9rias que frisam as consequ\u00eancias do descumprimento de medidas protetivas oferecidas \u00e0s v\u00edtimas.&nbsp;<\/p>\n\n\n\n<p>Os agressores, em sua grande maioria homens, tendem a achar que as Medidas Protetivas n\u00e3o tem valor, por\u00e9m quando se deparam com uma mulher disposta a sair desta situa\u00e7\u00e3o, s\u00e3o obrigados a vivenciar na pele aquele famoso ditado popular: <strong>\u201cVer o sol nascer quadrado\u201d.\u00a0<\/strong><\/p>\n\n\n\n<figure class=\"wp-block-image size-full\"><img loading=\"lazy\" decoding=\"async\" width=\"897\" height=\"204\" src=\"https:\/\/radiostudiow.com.br\/site\/wp-content\/uploads\/2023\/07\/image-10.jpg\" alt=\"\" class=\"wp-image-13707\" srcset=\"https:\/\/radiostudiow.com.br\/site\/wp-content\/uploads\/2023\/07\/image-10.jpg 897w, https:\/\/radiostudiow.com.br\/site\/wp-content\/uploads\/2023\/07\/image-10-300x68.jpg 300w, https:\/\/radiostudiow.com.br\/site\/wp-content\/uploads\/2023\/07\/image-10-768x175.jpg 768w\" sizes=\"auto, (max-width: 897px) 100vw, 897px\" \/><\/figure>\n\n\n\n<p>\u00c9 dessa forma que o sistema de seguran\u00e7a e justi\u00e7a vem atuando na cidade de Mallet. Com compet\u00eancia e agilidade, mulheres que se sentem amea\u00e7adas por seus companheiros s\u00e3o acolhidas e ouvidas pela nossa Delegacia e logo que confeccionado o Boletim de Ocorr\u00eancia, os dados s\u00e3o enviados ao Poder Judici\u00e1rio da cidade, que em menos de 24 horas pode estar concedendo a Medida Protetiva.<\/p>\n\n\n\n<p>Visando buscar uma melhor visibilidade para o tema a Prefeitura Municipal, atrav\u00e9s da Secretaria Municipal da Fam\u00edlia e Desenvolvimento Social, por meio de seus equipamentos CRAS e CREAS, com apoio do Conselho da Comunidade da comarca de Mallet, realizar\u00e3o um Evento no dia 09 de agosto que contar\u00e1 com uma roda de conversa, onde estar\u00e3o presentes \u00f3rg\u00e3os da Rede de Prote\u00e7\u00e3o, com presen\u00e7a da delegada de pol\u00edcia, Dra. Nat\u00e1lia, Dr. Eduardo, o promotor do Minist\u00e9rio P\u00fablico; Dr. \u00cdtalo, o Ju\u00edz de Direito da comarca de Mallet, a Assistente Social Amanda Fernandes, profissional da sa\u00fade; e Thays Brito, acad\u00eamica da UNICENTRO Irati.<\/p>\n\n\n\n<p><strong>Ser\u00e3o discutidos assuntos referente ao Tema: Combate a Viol\u00eancia Contra a Mulher na cidade de Mallet e regi\u00e3o.<\/strong><\/p>\n\n\n\n<figure class=\"wp-block-image size-full\"><img decoding=\"async\" src=\"https:\/\/radiostudiow.com.br\/site\/wp-content\/uploads\/2023\/02\/image-12.png\" alt=\"\" class=\"wp-image-11282\"\/><\/figure>\n\n\n\n<blockquote class=\"wp-block-quote is-layout-flow wp-block-quote-is-layout-flow\">\n<p>Dessa forma, Todos est\u00e3o convidados a participarem deste dia t\u00e3o importante!<\/p>\n<\/blockquote>\n","protected":false},"excerpt":{"rendered":"<p>Neste ano de 2023, no dia 07 de Agosto, a Lei Maria da Penha completa seus 17 anos de exist\u00eancia, uma importante vit\u00f3ria para as mulheres brasileiras. Mesmo com essa conquista, infelizmente os casos de Viol\u00eancia contra a Mulher no Brasil, tem uma das mais altas taxas de feminic\u00eddio do mundo, ocupando o 5\u00ba lugar [&hellip;]<\/p>\n","protected":false},"author":2,"featured_media":0,"comment_status":"open","ping_status":"open","sticky":false,"template":"","format":"standard","meta":{"footnotes":""},"categories":[184],"tags":[172],"class_list":["post-14225","post","type-post","status-publish","format-standard","hentry","category-local","tag-featured"],"amp_enabled":true,"_links":{"self":[{"href":"https:\/\/radiostudiow.com.br\/site\/wp-json\/wp\/v2\/posts\/14225","targetHints":{"allow":["GET"]}}],"collection":[{"href":"https:\/\/radiostudiow.com.br\/site\/wp-json\/wp\/v2\/posts"}],"about":[{"href":"https:\/\/radiostudiow.com.br\/site\/wp-json\/wp\/v2\/types\/post"}],"author":[{"embeddable":true,"href":"https:\/\/radiostudiow.com.br\/site\/wp-json\/wp\/v2\/users\/2"}],"replies":[{"embeddable":true,"href":"https:\/\/radiostudiow.com.br\/site\/wp-json\/wp\/v2\/comments?post=14225"}],"version-history":[{"count":1,"href":"https:\/\/radiostudiow.com.br\/site\/wp-json\/wp\/v2\/posts\/14225\/revisions"}],"predecessor-version":[{"id":14227,"href":"https:\/\/radiostudiow.com.br\/site\/wp-json\/wp\/v2\/posts\/14225\/revisions\/14227"}],"wp:attachment":[{"href":"https:\/\/radiostudiow.com.br\/site\/wp-json\/wp\/v2\/media?parent=14225"}],"wp:term":[{"taxonomy":"category","embeddable":true,"href":"https:\/\/radiostudiow.com.br\/site\/wp-json\/wp\/v2\/categories?post=14225"},{"taxonomy":"post_tag","embeddable":true,"href":"https:\/\/radiostudiow.com.br\/site\/wp-json\/wp\/v2\/tags?post=14225"}],"curies":[{"name":"wp","href":"https:\/\/api.w.org\/{rel}","templated":true}]}}