{"id":14317,"date":"2023-08-10T20:52:56","date_gmt":"2023-08-10T23:52:56","guid":{"rendered":"https:\/\/radiostudiow.com.br\/site\/?p=14317"},"modified":"2025-01-31T15:06:37","modified_gmt":"2025-01-31T18:06:37","slug":"eleicao-de-diretores-reuniao-com-os-integrantes-da-mesa-eleitoral","status":"publish","type":"post","link":"https:\/\/radiostudiow.com.br\/site\/2023\/08\/10\/eleicao-de-diretores-reuniao-com-os-integrantes-da-mesa-eleitoral\/","title":{"rendered":"ELEI\u00c7\u00c3O DE DIRETORES- REUNI\u00c3O COM OS INTEGRANTES DA MESA ELEITORAL"},"content":{"rendered":"\n<figure class=\"wp-block-image size-large\"><img decoding=\"async\" src=\"https:\/\/radiostudiow.com.br\/site\/wp-content\/uploads\/2023\/07\/image-34-1024x387.png\" alt=\"\" class=\"wp-image-13860\"\/><\/figure>\n\n\n\n<p>Na manh\u00e3 de hoje, dia 10 de agosto, nas depend\u00eancias da C\u00e2mara Municipal de Vereadores, ocorreu uma importante reuni\u00e3o com os integrantes da Mesa Eleitoral, das escolas e CMEIs da rede municipal de ensino.<\/p>\n\n\n\n<p>Na oportunidade, o Secret\u00e1rio de Educa\u00e7\u00e3o e a Comiss\u00e3o Eleitoral realizaram orienta\u00e7\u00f5es e esclareceram d\u00favidas sobre a condu\u00e7\u00e3o das a\u00e7\u00f5es no dia dia das elei\u00e7\u00f5es, que ocorrer\u00e1 no dia 18\/08\/2023, desde a abertura das institui\u00e7\u00f5es de ensino, at\u00e9 \u00e0s 18h00.<\/p>\n\n\n\n<p>Na manh\u00e3 de hoje, dia 10 de agosto, nas depend\u00eancias da C\u00e2mara Municipal de Vereadores, ocorreu uma importante reuni\u00e3o com os integrantes da Mesa Eleitoral, das escolas e CMEIs da rede municipal de ensino. Na oportunidade, o Secret\u00e1rio de Educa\u00e7\u00e3o e a Comiss\u00e3o Eleitoral realizaram orienta\u00e7\u00f5es e esclareceram d\u00favidas sobre a condu\u00e7\u00e3o das a\u00e7\u00f5es no dia dia das elei\u00e7\u00f5es, que ocorrer\u00e1 no dia 18\/08\/2023, desde a abertura das institui\u00e7\u00f5es de ensino, at\u00e9 \u00e0s 18h00.<\/p>\n\n\n\n<figure class=\"wp-block-image size-full\"><img decoding=\"async\" src=\"https:\/\/radiostudiow.com.br\/site\/wp-content\/uploads\/2023\/08\/image-56.png\" alt=\"\" class=\"wp-image-14321\"\/><\/figure>\n\n\n\n<figure class=\"wp-block-image size-full\"><img loading=\"lazy\" decoding=\"async\" width=\"720\" height=\"332\" src=\"https:\/\/radiostudiow.com.br\/site\/wp-content\/uploads\/2023\/08\/image-53.png\" alt=\"\" class=\"wp-image-14318\" srcset=\"https:\/\/radiostudiow.com.br\/site\/wp-content\/uploads\/2023\/08\/image-53.png 720w, https:\/\/radiostudiow.com.br\/site\/wp-content\/uploads\/2023\/08\/image-53-300x138.png 300w\" sizes=\"auto, (max-width: 720px) 100vw, 720px\" \/><\/figure>\n\n\n\n<figure class=\"wp-block-image size-full\"><img loading=\"lazy\" decoding=\"async\" width=\"720\" height=\"332\" src=\"https:\/\/radiostudiow.com.br\/site\/wp-content\/uploads\/2023\/08\/image-55.png\" alt=\"\" class=\"wp-image-14320\" srcset=\"https:\/\/radiostudiow.com.br\/site\/wp-content\/uploads\/2023\/08\/image-55.png 720w, https:\/\/radiostudiow.com.br\/site\/wp-content\/uploads\/2023\/08\/image-55-300x138.png 300w\" sizes=\"auto, (max-width: 720px) 100vw, 720px\" \/><\/figure>\n","protected":false},"excerpt":{"rendered":"<p>Na manh\u00e3 de hoje, dia 10 de agosto, nas depend\u00eancias da C\u00e2mara Municipal de Vereadores, ocorreu uma importante reuni\u00e3o com os integrantes da Mesa Eleitoral, das escolas e CMEIs da rede municipal de ensino. Na oportunidade, o Secret\u00e1rio de Educa\u00e7\u00e3o e a Comiss\u00e3o Eleitoral realizaram orienta\u00e7\u00f5es e esclareceram d\u00favidas sobre a condu\u00e7\u00e3o das a\u00e7\u00f5es no [&hellip;]<\/p>\n","protected":false},"author":2,"featured_media":14319,"comment_status":"open","ping_status":"open","sticky":false,"template":"","format":"standard","meta":{"footnotes":""},"categories":[184],"tags":[172],"class_list":["post-14317","post","type-post","status-publish","format-standard","has-post-thumbnail","hentry","category-local","tag-featured"],"amp_enabled":true,"_links":{"self":[{"href":"https:\/\/radiostudiow.com.br\/site\/wp-json\/wp\/v2\/posts\/14317","targetHints":{"allow":["GET"]}}],"collection":[{"href":"https:\/\/radiostudiow.com.br\/site\/wp-json\/wp\/v2\/posts"}],"about":[{"href":"https:\/\/radiostudiow.com.br\/site\/wp-json\/wp\/v2\/types\/post"}],"author":[{"embeddable":true,"href":"https:\/\/radiostudiow.com.br\/site\/wp-json\/wp\/v2\/users\/2"}],"replies":[{"embeddable":true,"href":"https:\/\/radiostudiow.com.br\/site\/wp-json\/wp\/v2\/comments?post=14317"}],"version-history":[{"count":1,"href":"https:\/\/radiostudiow.com.br\/site\/wp-json\/wp\/v2\/posts\/14317\/revisions"}],"predecessor-version":[{"id":14322,"href":"https:\/\/radiostudiow.com.br\/site\/wp-json\/wp\/v2\/posts\/14317\/revisions\/14322"}],"wp:featuredmedia":[{"embeddable":true,"href":"https:\/\/radiostudiow.com.br\/site\/wp-json\/wp\/v2\/media\/14319"}],"wp:attachment":[{"href":"https:\/\/radiostudiow.com.br\/site\/wp-json\/wp\/v2\/media?parent=14317"}],"wp:term":[{"taxonomy":"category","embeddable":true,"href":"https:\/\/radiostudiow.com.br\/site\/wp-json\/wp\/v2\/categories?post=14317"},{"taxonomy":"post_tag","embeddable":true,"href":"https:\/\/radiostudiow.com.br\/site\/wp-json\/wp\/v2\/tags?post=14317"}],"curies":[{"name":"wp","href":"https:\/\/api.w.org\/{rel}","templated":true}]}}