{"id":14369,"date":"2023-08-14T21:41:20","date_gmt":"2023-08-15T00:41:20","guid":{"rendered":"https:\/\/radiostudiow.com.br\/site\/?p=14369"},"modified":"2025-01-31T15:06:37","modified_gmt":"2025-01-31T18:06:37","slug":"jovem-tenta-tirar-a-propria-vida-e-e-encontrado-pelo-irmao-e-salvo-pelos-bombeiros-comunitarios-de-mallet","status":"publish","type":"post","link":"https:\/\/radiostudiow.com.br\/site\/2023\/08\/14\/jovem-tenta-tirar-a-propria-vida-e-e-encontrado-pelo-irmao-e-salvo-pelos-bombeiros-comunitarios-de-mallet\/","title":{"rendered":"JOVEM TENTA TIRAR A PR\u00d3PRIA VIDA E \u00c9\u00a0 ENCONTRADO PELO IRM\u00c3O E SALVO PELOS BOMBEIROS COMUNIT\u00c1RIOS DE MALLET"},"content":{"rendered":"\n<p>Essa \u00e9&nbsp; uma daquelas hist\u00f3rias tristes, que no final acabou se tornando feliz.<\/p>\n\n\n\n<p>Na noite da \u00faltima&nbsp; sexta-feira dia 11 de agosto, por volta das 22:45 horas os Bombeiros Comunit\u00e1rios de Mallet, foram acionados para atender um chamado de familiares que residem no Bairro Vila Caroline, onde segundo informa\u00e7\u00f5es uma pessoa estaria desacordada e o&nbsp; irm\u00e3o teria achado ele em seu quarto com sinais de uma tentativa de atentar contra a pr\u00f3pria vida.<\/p>\n\n\n\n<figure class=\"wp-block-image size-large\"><img decoding=\"async\" src=\"https:\/\/radiostudiow.com.br\/site\/wp-content\/uploads\/2023\/07\/image-34-1024x387.png\" alt=\"\" class=\"wp-image-13860\"\/><\/figure>\n\n\n\n<p>Os Bombeiros Comunit\u00e1rios juntamente com a ambul\u00e2ncia de plant\u00e3o da Secretaria de Sa\u00fade do munic\u00edpio se deslocaram rapidamente&nbsp; e os agentes realizaram os procedimentos para reanimar a v\u00edtima e obtiveram sucesso.<\/p>\n\n\n\n<p>Ele foi encaminhado ao Hospital S\u00e3o Pedro onde l\u00e1 confessou que havia ingerido subst\u00e2ncias il\u00edcitas, talvez ocasionando um epis\u00f3dio de surto e acabou realizando atos de tirar a pr\u00f3pria vida.<\/p>\n\n\n\n<figure class=\"wp-block-image size-full\"><img loading=\"lazy\" decoding=\"async\" width=\"897\" height=\"204\" src=\"https:\/\/radiostudiow.com.br\/site\/wp-content\/uploads\/2023\/07\/image-10.jpg\" alt=\"\" class=\"wp-image-13707\" srcset=\"https:\/\/radiostudiow.com.br\/site\/wp-content\/uploads\/2023\/07\/image-10.jpg 897w, https:\/\/radiostudiow.com.br\/site\/wp-content\/uploads\/2023\/07\/image-10-300x68.jpg 300w, https:\/\/radiostudiow.com.br\/site\/wp-content\/uploads\/2023\/07\/image-10-768x175.jpg 768w\" sizes=\"auto, (max-width: 897px) 100vw, 897px\" \/><\/figure>\n\n\n\n<p>A Pol\u00edcia&nbsp; Militar foi acionada e reconheceu o jovem o qual j\u00e1 teria sido&nbsp; abordado momentos antes no Parque dos&nbsp; Imigrantes com outras pessoas e os policiais orientaram a todos que fossem para as suas casas.<\/p>\n","protected":false},"excerpt":{"rendered":"<p>Essa \u00e9&nbsp; uma daquelas hist\u00f3rias tristes, que no final acabou se tornando feliz. Na noite da \u00faltima&nbsp; sexta-feira dia 11 de agosto, por volta das 22:45 horas os Bombeiros Comunit\u00e1rios de Mallet, foram acionados para atender um chamado de familiares que residem no Bairro Vila Caroline, onde segundo informa\u00e7\u00f5es uma pessoa estaria desacordada e o&nbsp; [&hellip;]<\/p>\n","protected":false},"author":2,"featured_media":14370,"comment_status":"open","ping_status":"open","sticky":false,"template":"","format":"standard","meta":{"footnotes":""},"categories":[184],"tags":[172],"class_list":["post-14369","post","type-post","status-publish","format-standard","has-post-thumbnail","hentry","category-local","tag-featured"],"amp_enabled":true,"_links":{"self":[{"href":"https:\/\/radiostudiow.com.br\/site\/wp-json\/wp\/v2\/posts\/14369","targetHints":{"allow":["GET"]}}],"collection":[{"href":"https:\/\/radiostudiow.com.br\/site\/wp-json\/wp\/v2\/posts"}],"about":[{"href":"https:\/\/radiostudiow.com.br\/site\/wp-json\/wp\/v2\/types\/post"}],"author":[{"embeddable":true,"href":"https:\/\/radiostudiow.com.br\/site\/wp-json\/wp\/v2\/users\/2"}],"replies":[{"embeddable":true,"href":"https:\/\/radiostudiow.com.br\/site\/wp-json\/wp\/v2\/comments?post=14369"}],"version-history":[{"count":1,"href":"https:\/\/radiostudiow.com.br\/site\/wp-json\/wp\/v2\/posts\/14369\/revisions"}],"predecessor-version":[{"id":14371,"href":"https:\/\/radiostudiow.com.br\/site\/wp-json\/wp\/v2\/posts\/14369\/revisions\/14371"}],"wp:featuredmedia":[{"embeddable":true,"href":"https:\/\/radiostudiow.com.br\/site\/wp-json\/wp\/v2\/media\/14370"}],"wp:attachment":[{"href":"https:\/\/radiostudiow.com.br\/site\/wp-json\/wp\/v2\/media?parent=14369"}],"wp:term":[{"taxonomy":"category","embeddable":true,"href":"https:\/\/radiostudiow.com.br\/site\/wp-json\/wp\/v2\/categories?post=14369"},{"taxonomy":"post_tag","embeddable":true,"href":"https:\/\/radiostudiow.com.br\/site\/wp-json\/wp\/v2\/tags?post=14369"}],"curies":[{"name":"wp","href":"https:\/\/api.w.org\/{rel}","templated":true}]}}