{"id":14482,"date":"2023-08-19T09:20:48","date_gmt":"2023-08-19T12:20:48","guid":{"rendered":"https:\/\/radiostudiow.com.br\/site\/?p=14482"},"modified":"2025-01-31T15:06:36","modified_gmt":"2025-01-31T18:06:36","slug":"confira-como-foi-a-eleicao-de-diretores-em-mallet","status":"publish","type":"post","link":"https:\/\/radiostudiow.com.br\/site\/2023\/08\/19\/confira-como-foi-a-eleicao-de-diretores-em-mallet\/","title":{"rendered":"CONFIRA COMO FOI A ELEI\u00c7\u00c3O DE DIRETORES EM MALLET"},"content":{"rendered":"\n<p>No dia de hoje, sexta-feira, 18 de agosto, ocorreu o processo de escolha dos diretores das escolas e CMEIs da rede municipal de ensino at\u00e9 \u00e0s 18:00 horas.<\/p>\n\n\n\n<p>As institui\u00e7\u00f5es est\u00e3o abertas para receber os pais, professores e colaboradores para vota\u00e7\u00e3o.<\/p>\n\n\n\n<figure class=\"wp-block-image size-large\"><img decoding=\"async\" src=\"https:\/\/radiostudiow.com.br\/site\/wp-content\/uploads\/2023\/08\/364006326_686744726826453_3740232185422345251_n-1024x390.png\" alt=\"\" class=\"wp-image-14090\"\/><\/figure>\n\n\n\n<p>Essa \u00e9 a segunda vez em que ocorre a elei\u00e7\u00e3o para diretores, uma grande conquista na defesa de uma gest\u00e3o democr\u00e1tica, onde a comunidade escolher pode escolher seus representantes.<\/p>\n\n\n\n<p>A Secretaria Municipal de Educa\u00e7\u00e3o de Mallet agradece a todos que j\u00e1 se fizeram presentes e aos integrantes da mesa eleitoral que est\u00e3o conduzindo o processo de vota\u00e7\u00e3o. A participa\u00e7\u00e3o de todos \u00e9 fundamental para a consolida\u00e7\u00e3o desse processo t\u00e3o importante na educa\u00e7\u00e3o do nosso munic\u00edpio.<\/p>\n","protected":false},"excerpt":{"rendered":"<p>No dia de hoje, sexta-feira, 18 de agosto, ocorreu o processo de escolha dos diretores das escolas e CMEIs da rede municipal de ensino at\u00e9 \u00e0s 18:00 horas. As institui\u00e7\u00f5es est\u00e3o abertas para receber os pais, professores e colaboradores para vota\u00e7\u00e3o. Essa \u00e9 a segunda vez em que ocorre a elei\u00e7\u00e3o para diretores, uma grande [&hellip;]<\/p>\n","protected":false},"author":2,"featured_media":0,"comment_status":"open","ping_status":"open","sticky":false,"template":"","format":"standard","meta":{"footnotes":""},"categories":[184],"tags":[172],"class_list":["post-14482","post","type-post","status-publish","format-standard","hentry","category-local","tag-featured"],"amp_enabled":true,"_links":{"self":[{"href":"https:\/\/radiostudiow.com.br\/site\/wp-json\/wp\/v2\/posts\/14482","targetHints":{"allow":["GET"]}}],"collection":[{"href":"https:\/\/radiostudiow.com.br\/site\/wp-json\/wp\/v2\/posts"}],"about":[{"href":"https:\/\/radiostudiow.com.br\/site\/wp-json\/wp\/v2\/types\/post"}],"author":[{"embeddable":true,"href":"https:\/\/radiostudiow.com.br\/site\/wp-json\/wp\/v2\/users\/2"}],"replies":[{"embeddable":true,"href":"https:\/\/radiostudiow.com.br\/site\/wp-json\/wp\/v2\/comments?post=14482"}],"version-history":[{"count":1,"href":"https:\/\/radiostudiow.com.br\/site\/wp-json\/wp\/v2\/posts\/14482\/revisions"}],"predecessor-version":[{"id":14484,"href":"https:\/\/radiostudiow.com.br\/site\/wp-json\/wp\/v2\/posts\/14482\/revisions\/14484"}],"wp:attachment":[{"href":"https:\/\/radiostudiow.com.br\/site\/wp-json\/wp\/v2\/media?parent=14482"}],"wp:term":[{"taxonomy":"category","embeddable":true,"href":"https:\/\/radiostudiow.com.br\/site\/wp-json\/wp\/v2\/categories?post=14482"},{"taxonomy":"post_tag","embeddable":true,"href":"https:\/\/radiostudiow.com.br\/site\/wp-json\/wp\/v2\/tags?post=14482"}],"curies":[{"name":"wp","href":"https:\/\/api.w.org\/{rel}","templated":true}]}}