{"id":14591,"date":"2023-08-24T20:38:28","date_gmt":"2023-08-24T23:38:28","guid":{"rendered":"https:\/\/radiostudiow.com.br\/site\/?p=14591"},"modified":"2025-01-31T15:06:35","modified_gmt":"2025-01-31T18:06:35","slug":"um-marco-de-conhecimento-e-troca-na-saude-materna-em-mallet","status":"publish","type":"post","link":"https:\/\/radiostudiow.com.br\/site\/2023\/08\/24\/um-marco-de-conhecimento-e-troca-na-saude-materna-em-mallet\/","title":{"rendered":"Um marco de conhecimento e troca na sa\u00fade materna em Mallet"},"content":{"rendered":"\n<p>Nesta quinta-feira, 24 de agosto, a equipe da Unidade de Sa\u00fade Vereador Alcides de Almeida teve a honra de sediar uma roda de conversa \u00edmpar sobre aleitamento materno, com a brilhante participa\u00e7\u00e3o das nossas dedicadas fonoaudi\u00f3logas.<\/p>\n\n\n\n<figure class=\"wp-block-gallery has-nested-images columns-default is-cropped wp-block-gallery-1 is-layout-flex wp-block-gallery-is-layout-flex\">\n<figure class=\"wp-block-image size-large\"><img decoding=\"async\" data-id=\"14090\" src=\"https:\/\/radiostudiow.com.br\/site\/wp-content\/uploads\/2023\/08\/364006326_686744726826453_3740232185422345251_n-1024x390.png\" alt=\"\" class=\"wp-image-14090\"\/><\/figure>\n<\/figure>\n\n\n\n<p>Nossa comunidade de gestantes se envolveu ativamente, enriquecendo a discuss\u00e3o e fortalecendo os la\u00e7os de sa\u00fade materna. A Secretaria da Sa\u00fade agradece a todos que contribu\u00edram para esse encontro t\u00e3o edificante.<\/p>\n\n\n\n<p><strong>Juntos pela promo\u00e7\u00e3o da sa\u00fade e bem-estar!<\/strong><\/p>\n\n\n\n<figure class=\"wp-block-gallery has-nested-images columns-default is-cropped wp-block-gallery-2 is-layout-flex wp-block-gallery-is-layout-flex\">\n<figure class=\"wp-block-image size-large\"><img loading=\"lazy\" decoding=\"async\" width=\"779\" height=\"1024\" data-id=\"14593\" src=\"https:\/\/radiostudiow.com.br\/site\/wp-content\/uploads\/2023\/08\/02-779x1024.jpg\" alt=\"\" class=\"wp-image-14593\" srcset=\"https:\/\/radiostudiow.com.br\/site\/wp-content\/uploads\/2023\/08\/02-779x1024.jpg 779w, https:\/\/radiostudiow.com.br\/site\/wp-content\/uploads\/2023\/08\/02-228x300.jpg 228w, https:\/\/radiostudiow.com.br\/site\/wp-content\/uploads\/2023\/08\/02-768x1009.jpg 768w, https:\/\/radiostudiow.com.br\/site\/wp-content\/uploads\/2023\/08\/02.jpg 974w\" sizes=\"auto, (max-width: 779px) 100vw, 779px\" \/><\/figure>\n<\/figure>\n","protected":false},"excerpt":{"rendered":"<p>Nesta quinta-feira, 24 de agosto, a equipe da Unidade de Sa\u00fade Vereador Alcides de Almeida teve a honra de sediar uma roda de conversa \u00edmpar sobre aleitamento materno, com a brilhante participa\u00e7\u00e3o das nossas dedicadas fonoaudi\u00f3logas. Nossa comunidade de gestantes se envolveu ativamente, enriquecendo a discuss\u00e3o e fortalecendo os la\u00e7os de sa\u00fade materna. A Secretaria [&hellip;]<\/p>\n","protected":false},"author":2,"featured_media":14592,"comment_status":"open","ping_status":"open","sticky":false,"template":"","format":"standard","meta":{"footnotes":""},"categories":[184],"tags":[172],"class_list":["post-14591","post","type-post","status-publish","format-standard","has-post-thumbnail","hentry","category-local","tag-featured"],"amp_enabled":true,"_links":{"self":[{"href":"https:\/\/radiostudiow.com.br\/site\/wp-json\/wp\/v2\/posts\/14591","targetHints":{"allow":["GET"]}}],"collection":[{"href":"https:\/\/radiostudiow.com.br\/site\/wp-json\/wp\/v2\/posts"}],"about":[{"href":"https:\/\/radiostudiow.com.br\/site\/wp-json\/wp\/v2\/types\/post"}],"author":[{"embeddable":true,"href":"https:\/\/radiostudiow.com.br\/site\/wp-json\/wp\/v2\/users\/2"}],"replies":[{"embeddable":true,"href":"https:\/\/radiostudiow.com.br\/site\/wp-json\/wp\/v2\/comments?post=14591"}],"version-history":[{"count":1,"href":"https:\/\/radiostudiow.com.br\/site\/wp-json\/wp\/v2\/posts\/14591\/revisions"}],"predecessor-version":[{"id":14594,"href":"https:\/\/radiostudiow.com.br\/site\/wp-json\/wp\/v2\/posts\/14591\/revisions\/14594"}],"wp:featuredmedia":[{"embeddable":true,"href":"https:\/\/radiostudiow.com.br\/site\/wp-json\/wp\/v2\/media\/14592"}],"wp:attachment":[{"href":"https:\/\/radiostudiow.com.br\/site\/wp-json\/wp\/v2\/media?parent=14591"}],"wp:term":[{"taxonomy":"category","embeddable":true,"href":"https:\/\/radiostudiow.com.br\/site\/wp-json\/wp\/v2\/categories?post=14591"},{"taxonomy":"post_tag","embeddable":true,"href":"https:\/\/radiostudiow.com.br\/site\/wp-json\/wp\/v2\/tags?post=14591"}],"curies":[{"name":"wp","href":"https:\/\/api.w.org\/{rel}","templated":true}]}}