{"id":14595,"date":"2023-08-24T20:52:54","date_gmt":"2023-08-24T23:52:54","guid":{"rendered":"https:\/\/radiostudiow.com.br\/site\/?p=14595"},"modified":"2025-01-31T15:06:35","modified_gmt":"2025-01-31T18:06:35","slug":"prova-parana-2a-edicao-em-mallet","status":"publish","type":"post","link":"https:\/\/radiostudiow.com.br\/site\/2023\/08\/24\/prova-parana-2a-edicao-em-mallet\/","title":{"rendered":"PROVA PARAN\u00c1 2\u00aa EDI\u00c7\u00c3O EM MALLET"},"content":{"rendered":"\n<p>Nos dias 22 e 23 de Agosto, ocorreu a aplica\u00e7\u00e3o da 2\u00aa Edi\u00e7\u00e3o da Prova Paran\u00e1, com os componentes de L\u00edngua Portuguesa e Matem\u00e1tica, para os alunos do 5\u00ba ano da rede municipal de ensino.<\/p>\n\n\n\n<figure class=\"wp-block-gallery has-nested-images columns-default is-cropped wp-block-gallery-1 is-layout-flex wp-block-gallery-is-layout-flex\">\n<figure class=\"wp-block-image size-large\"><img decoding=\"async\" data-id=\"13860\" src=\"https:\/\/radiostudiow.com.br\/site\/wp-content\/uploads\/2023\/07\/image-34-1024x387.png\" alt=\"\" class=\"wp-image-13860\"\/><\/figure>\n<\/figure>\n\n\n\n<p>Anualmente acontecem 3 edi\u00e7\u00f5es da avalia\u00e7\u00e3o, a fim de que seja poss\u00edvel acompanhar o desenvolvimento e rendimento dos alunos, para replanejar as a\u00e7\u00f5es e propostas de ensino.<\/p>\n\n\n\n<p>Compartilhamos algumas fotos encaminhadas pelas escolas Divino Esp\u00edrito Santo e Rom\u00e3o Paul.<\/p>\n\n\n\n<figure class=\"wp-block-image size-large\"><img decoding=\"async\" src=\"https:\/\/radiostudiow.com.br\/site\/wp-content\/uploads\/2023\/08\/image-114-1024x768.png\" alt=\"\" class=\"wp-image-14596\"\/><\/figure>\n\n\n\n<figure class=\"wp-block-image size-large\"><img decoding=\"async\" src=\"https:\/\/radiostudiow.com.br\/site\/wp-content\/uploads\/2023\/08\/image-116-1024x771.png\" alt=\"\" class=\"wp-image-14598\"\/><\/figure>\n\n\n\n<figure class=\"wp-block-image size-large\"><img loading=\"lazy\" decoding=\"async\" width=\"1024\" height=\"771\" src=\"https:\/\/radiostudiow.com.br\/site\/wp-content\/uploads\/2023\/08\/image-117-1024x771.png\" alt=\"\" class=\"wp-image-14599\" srcset=\"https:\/\/radiostudiow.com.br\/site\/wp-content\/uploads\/2023\/08\/image-117-1024x771.png 1024w, https:\/\/radiostudiow.com.br\/site\/wp-content\/uploads\/2023\/08\/image-117-300x226.png 300w, https:\/\/radiostudiow.com.br\/site\/wp-content\/uploads\/2023\/08\/image-117-768x578.png 768w, https:\/\/radiostudiow.com.br\/site\/wp-content\/uploads\/2023\/08\/image-117-1536x1156.png 1536w, https:\/\/radiostudiow.com.br\/site\/wp-content\/uploads\/2023\/08\/image-117.png 1600w\" sizes=\"auto, (max-width: 1024px) 100vw, 1024px\" \/><\/figure>\n","protected":false},"excerpt":{"rendered":"<p>Nos dias 22 e 23 de Agosto, ocorreu a aplica\u00e7\u00e3o da 2\u00aa Edi\u00e7\u00e3o da Prova Paran\u00e1, com os componentes de L\u00edngua Portuguesa e Matem\u00e1tica, para os alunos do 5\u00ba ano da rede municipal de ensino. Anualmente acontecem 3 edi\u00e7\u00f5es da avalia\u00e7\u00e3o, a fim de que seja poss\u00edvel acompanhar o desenvolvimento e rendimento dos alunos, para [&hellip;]<\/p>\n","protected":false},"author":2,"featured_media":0,"comment_status":"open","ping_status":"open","sticky":false,"template":"","format":"standard","meta":{"footnotes":""},"categories":[184],"tags":[172],"class_list":["post-14595","post","type-post","status-publish","format-standard","hentry","category-local","tag-featured"],"amp_enabled":true,"_links":{"self":[{"href":"https:\/\/radiostudiow.com.br\/site\/wp-json\/wp\/v2\/posts\/14595","targetHints":{"allow":["GET"]}}],"collection":[{"href":"https:\/\/radiostudiow.com.br\/site\/wp-json\/wp\/v2\/posts"}],"about":[{"href":"https:\/\/radiostudiow.com.br\/site\/wp-json\/wp\/v2\/types\/post"}],"author":[{"embeddable":true,"href":"https:\/\/radiostudiow.com.br\/site\/wp-json\/wp\/v2\/users\/2"}],"replies":[{"embeddable":true,"href":"https:\/\/radiostudiow.com.br\/site\/wp-json\/wp\/v2\/comments?post=14595"}],"version-history":[{"count":1,"href":"https:\/\/radiostudiow.com.br\/site\/wp-json\/wp\/v2\/posts\/14595\/revisions"}],"predecessor-version":[{"id":14600,"href":"https:\/\/radiostudiow.com.br\/site\/wp-json\/wp\/v2\/posts\/14595\/revisions\/14600"}],"wp:attachment":[{"href":"https:\/\/radiostudiow.com.br\/site\/wp-json\/wp\/v2\/media?parent=14595"}],"wp:term":[{"taxonomy":"category","embeddable":true,"href":"https:\/\/radiostudiow.com.br\/site\/wp-json\/wp\/v2\/categories?post=14595"},{"taxonomy":"post_tag","embeddable":true,"href":"https:\/\/radiostudiow.com.br\/site\/wp-json\/wp\/v2\/tags?post=14595"}],"curies":[{"name":"wp","href":"https:\/\/api.w.org\/{rel}","templated":true}]}}