{"id":14608,"date":"2023-08-24T21:53:24","date_gmt":"2023-08-25T00:53:24","guid":{"rendered":"https:\/\/radiostudiow.com.br\/site\/?p=14608"},"modified":"2025-01-31T15:06:35","modified_gmt":"2025-01-31T18:06:35","slug":"atualizacao-adolescente-de-13-anos-que-estava-desaparecida-em-porto-uniao-foi-encontrada","status":"publish","type":"post","link":"https:\/\/radiostudiow.com.br\/site\/2023\/08\/24\/atualizacao-adolescente-de-13-anos-que-estava-desaparecida-em-porto-uniao-foi-encontrada\/","title":{"rendered":"ATUALIZA\u00c7\u00c3O: adolescente de 13 anos que estava desaparecida em Porto Uni\u00e3o foi encontrada"},"content":{"rendered":"\n<p>A adolescente de 13 anos de idade, identificada como Cleidiely Fernandes, moradora do bairro Jardim Oliveira, em Porto Uni\u00e3o, que estava desaparecida foi encontrada.<\/p>\n\n\n\n<figure class=\"wp-block-image size-full is-resized\"><img loading=\"lazy\" decoding=\"async\" src=\"https:\/\/radiostudiow.com.br\/site\/wp-content\/uploads\/2023\/05\/SITE-MEDIO.png\" alt=\"\" class=\"wp-image-12661\" style=\"width:304px;height:104px\" width=\"304\" height=\"104\"\/><\/figure>\n\n\n\n<p>De acordo com informa\u00e7\u00f5es da fam\u00edlia, a garota saiu de casa na quarta-feira, dia 23, e desde ent\u00e3o n\u00e3o retornou e n\u00e3o havia dado mais not\u00edcias.<\/p>\n\n\n\n<p>A Pol\u00edcia Militar registrou o boletim de ocorr\u00eancias.Segundo \u00e0 fam\u00edlia, por volta das 17 horas ela foi encontrada. N\u00e3o foi divulgado detalhes de onde ela estava, apenas de que ela est\u00e1 bem.<\/p>\n\n\n\n<figure class=\"wp-block-image size-large\"><img decoding=\"async\" src=\"https:\/\/radiostudiow.com.br\/site\/wp-content\/uploads\/2023\/06\/76182-nacional-tela-de-tv-de-agencia-1-copa-do-mundo-fifa-de-futebol-feminino-1024x576.jpg\" alt=\"\" class=\"wp-image-13331\"\/><\/figure>\n","protected":false},"excerpt":{"rendered":"<p>A adolescente de 13 anos de idade, identificada como Cleidiely Fernandes, moradora do bairro Jardim Oliveira, em Porto Uni\u00e3o, que estava desaparecida foi encontrada. De acordo com informa\u00e7\u00f5es da fam\u00edlia, a garota saiu de casa na quarta-feira, dia 23, e desde ent\u00e3o n\u00e3o retornou e n\u00e3o havia dado mais not\u00edcias. A Pol\u00edcia Militar registrou o [&hellip;]<\/p>\n","protected":false},"author":2,"featured_media":0,"comment_status":"open","ping_status":"open","sticky":false,"template":"","format":"standard","meta":{"footnotes":""},"categories":[185],"tags":[172],"class_list":["post-14608","post","type-post","status-publish","format-standard","hentry","category-regional","tag-featured"],"amp_enabled":true,"_links":{"self":[{"href":"https:\/\/radiostudiow.com.br\/site\/wp-json\/wp\/v2\/posts\/14608","targetHints":{"allow":["GET"]}}],"collection":[{"href":"https:\/\/radiostudiow.com.br\/site\/wp-json\/wp\/v2\/posts"}],"about":[{"href":"https:\/\/radiostudiow.com.br\/site\/wp-json\/wp\/v2\/types\/post"}],"author":[{"embeddable":true,"href":"https:\/\/radiostudiow.com.br\/site\/wp-json\/wp\/v2\/users\/2"}],"replies":[{"embeddable":true,"href":"https:\/\/radiostudiow.com.br\/site\/wp-json\/wp\/v2\/comments?post=14608"}],"version-history":[{"count":3,"href":"https:\/\/radiostudiow.com.br\/site\/wp-json\/wp\/v2\/posts\/14608\/revisions"}],"predecessor-version":[{"id":14612,"href":"https:\/\/radiostudiow.com.br\/site\/wp-json\/wp\/v2\/posts\/14608\/revisions\/14612"}],"wp:attachment":[{"href":"https:\/\/radiostudiow.com.br\/site\/wp-json\/wp\/v2\/media?parent=14608"}],"wp:term":[{"taxonomy":"category","embeddable":true,"href":"https:\/\/radiostudiow.com.br\/site\/wp-json\/wp\/v2\/categories?post=14608"},{"taxonomy":"post_tag","embeddable":true,"href":"https:\/\/radiostudiow.com.br\/site\/wp-json\/wp\/v2\/tags?post=14608"}],"curies":[{"name":"wp","href":"https:\/\/api.w.org\/{rel}","templated":true}]}}