{"id":14650,"date":"2023-08-25T21:20:51","date_gmt":"2023-08-26T00:20:51","guid":{"rendered":"https:\/\/radiostudiow.com.br\/site\/?p=14650"},"modified":"2025-01-31T15:06:35","modified_gmt":"2025-01-31T18:06:35","slug":"atencao-comunidade-de-mallet-programa-bolsa-familia","status":"publish","type":"post","link":"https:\/\/radiostudiow.com.br\/site\/2023\/08\/25\/atencao-comunidade-de-mallet-programa-bolsa-familia\/","title":{"rendered":"ATEN\u00c7\u00c3O COMUNIDADE DE MALLET, PROGRAMA BOLSA FAM\u00cdLIA"},"content":{"rendered":"\n<p>Temos um convite especial para voc\u00ea! No dia 16 de setembro de 2023, das 08:00 \u00e0s 16:00 horas, estaremos realizando o Dia D do Bolsa Fam\u00edlia em todas as nossas Unidades de Sa\u00fade.<\/p>\n\n\n\n<p>Nesse dia, estamos preparados para oferecer um atendimento exclusivo aos benefici\u00e1rios do programa Bolsa Fam\u00edlia e suas fam\u00edlias. \u00c9 uma oportunidade \u00fanica para atualizar seus registros e garantir que voc\u00ea e sua fam\u00edlia estejam em dia com a sa\u00fade.<\/p>\n\n\n\n<figure class=\"wp-block-gallery has-nested-images columns-default is-cropped wp-block-gallery-1 is-layout-flex wp-block-gallery-is-layout-flex\">\n<figure class=\"wp-block-image size-large\"><img decoding=\"async\" data-id=\"12867\" src=\"https:\/\/radiostudiow.com.br\/site\/wp-content\/uploads\/2023\/05\/image-2.png\" alt=\"\" class=\"wp-image-12867\"\/><\/figure>\n<\/figure>\n\n\n\n<p>Pedimos que voc\u00ea se dirija \u00e0 Unidade de Sa\u00fade de refer\u00eancia da sua regi\u00e3o, trazendo consigo os documentos solicitados para a atualiza\u00e7\u00e3o, incluindo RG, CPF, Cart\u00e3o SUS, carteirinha de vacina e comprovante de resid\u00eancia. Queremos garantir que todos estejam bem assistidos e informados.<br>Lembramos que \u00e9 essencial que cada benefici\u00e1rio passe por um acompanhamento semestral para continuar a usufruir do programa. N\u00e3o deixe passar essa chance e evite qualquer inconveniente.<br>Sua presen\u00e7a \u00e9 fundamental para mantermos nossos registros atualizados e oferecermos um servi\u00e7o de qualidade para toda a comunidade!<\/p>\n","protected":false},"excerpt":{"rendered":"<p>Temos um convite especial para voc\u00ea! No dia 16 de setembro de 2023, das 08:00 \u00e0s 16:00 horas, estaremos realizando o Dia D do Bolsa Fam\u00edlia em todas as nossas Unidades de Sa\u00fade. Nesse dia, estamos preparados para oferecer um atendimento exclusivo aos benefici\u00e1rios do programa Bolsa Fam\u00edlia e suas fam\u00edlias. \u00c9 uma oportunidade \u00fanica [&hellip;]<\/p>\n","protected":false},"author":2,"featured_media":0,"comment_status":"open","ping_status":"open","sticky":false,"template":"","format":"standard","meta":{"footnotes":""},"categories":[184,2],"tags":[172],"class_list":["post-14650","post","type-post","status-publish","format-standard","hentry","category-local","category-policial","tag-featured"],"amp_enabled":true,"_links":{"self":[{"href":"https:\/\/radiostudiow.com.br\/site\/wp-json\/wp\/v2\/posts\/14650","targetHints":{"allow":["GET"]}}],"collection":[{"href":"https:\/\/radiostudiow.com.br\/site\/wp-json\/wp\/v2\/posts"}],"about":[{"href":"https:\/\/radiostudiow.com.br\/site\/wp-json\/wp\/v2\/types\/post"}],"author":[{"embeddable":true,"href":"https:\/\/radiostudiow.com.br\/site\/wp-json\/wp\/v2\/users\/2"}],"replies":[{"embeddable":true,"href":"https:\/\/radiostudiow.com.br\/site\/wp-json\/wp\/v2\/comments?post=14650"}],"version-history":[{"count":1,"href":"https:\/\/radiostudiow.com.br\/site\/wp-json\/wp\/v2\/posts\/14650\/revisions"}],"predecessor-version":[{"id":14652,"href":"https:\/\/radiostudiow.com.br\/site\/wp-json\/wp\/v2\/posts\/14650\/revisions\/14652"}],"wp:attachment":[{"href":"https:\/\/radiostudiow.com.br\/site\/wp-json\/wp\/v2\/media?parent=14650"}],"wp:term":[{"taxonomy":"category","embeddable":true,"href":"https:\/\/radiostudiow.com.br\/site\/wp-json\/wp\/v2\/categories?post=14650"},{"taxonomy":"post_tag","embeddable":true,"href":"https:\/\/radiostudiow.com.br\/site\/wp-json\/wp\/v2\/tags?post=14650"}],"curies":[{"name":"wp","href":"https:\/\/api.w.org\/{rel}","templated":true}]}}