{"id":14657,"date":"2023-08-25T21:37:53","date_gmt":"2023-08-26T00:37:53","guid":{"rendered":"https:\/\/radiostudiow.com.br\/site\/?p=14657"},"modified":"2025-01-31T15:06:34","modified_gmt":"2025-01-31T18:06:34","slug":"homem-e-preso-em-sao-joao-do-triunfo-durante-acao-integrada-das-pm-e-pc","status":"publish","type":"post","link":"https:\/\/radiostudiow.com.br\/site\/2023\/08\/25\/homem-e-preso-em-sao-joao-do-triunfo-durante-acao-integrada-das-pm-e-pc\/","title":{"rendered":"HOMEM \u00c9 PRESO EM S\u00c3O JO\u00c3O DO TRIUNFO DURANTE A\u00c7\u00c3O INTEGRADA DAS PM E PC"},"content":{"rendered":"\n<p>A Pol\u00edcia Civil, sob a coordena\u00e7\u00e3o da Delegacia de Rebou\u00e7as, conjuntamente com as Delegacias de Irati e S\u00e3o Jo\u00e3o do Triunfo, al\u00e9m de imprescind\u00edvel apoio da Pol\u00edcia Militar, deflagraram opera\u00e7\u00e3o Corta Fumo, na manh\u00e3 desta sexta-feira, 25 de agosto, com a finalidade de cumprir mandados de busca e apreens\u00e3o e pris\u00e3o preventiva.<\/p>\n\n\n\n<figure class=\"wp-block-gallery has-nested-images columns-default is-cropped wp-block-gallery-1 is-layout-flex wp-block-gallery-is-layout-flex\">\n<figure class=\"wp-block-image size-large\"><img decoding=\"async\" data-id=\"13331\" src=\"https:\/\/radiostudiow.com.br\/site\/wp-content\/uploads\/2023\/06\/76182-nacional-tela-de-tv-de-agencia-1-copa-do-mundo-fifa-de-futebol-feminino-1024x576.jpg\" alt=\"\" class=\"wp-image-13331\"\/><\/figure>\n<\/figure>\n\n\n\n<p>A opera\u00e7\u00e3o Corta Fumo \u00e9 um desdobramento de investiga\u00e7\u00f5es acerca de uma carga de fumo de cerca de 2 mil kg, furtada em S\u00e3o Jo\u00e3o do Triunfo em 02\/04\/2023, juntamente com outros equipamentos de estufa de sacanagem de fumo, totalizando um preju\u00edzo de cerca de R$ 34.000,00 \u00e0s v\u00edtimas.<\/p>\n\n\n\n<p>Ap\u00f3s den\u00fancias an\u00f4nimas, equipe da Intelig\u00eancia da Pol\u00edcia Militar localizou a referida carga em uma propriedade na \u00e1rea rural de Rebou\u00e7as, em 04\/04\/2023. Na ocasi\u00e3o, as pessoas encontradas na propriedade foram conduzidas \u00e0 Delegacia de Irati e foram autuadas em flagrante pelos crimes de recepta\u00e7\u00e3o qualificada e associa\u00e7\u00e3o criminosa.<\/p>\n\n\n\n<p>Al\u00e9m de tais objetos, foram localizados: um colete bal\u00edstico (duas placas) com capa da empresa Equipseg, al\u00e9m de duas capas de colete avulsas, 03 (tr\u00eas) toucas balaclava, luvas, vestimentas camufladas, 04 (quatro) r\u00e1dio comunicadores port\u00e1teis marca baofeng, diversas muni\u00e7\u00f5es sendo 13 (treze) intactas e uma deflagrada de calibre .38, e um estojo deflagrado de calibre .12, al\u00e9m de uma balan\u00e7a de precis\u00e3o.<br><\/p>\n\n\n\n<figure class=\"wp-block-image size-full\"><img decoding=\"async\" src=\"https:\/\/radiostudiow.com.br\/site\/wp-content\/uploads\/2023\/08\/image-125.png\" alt=\"\" class=\"wp-image-14658\"\/><\/figure>\n\n\n\n<p>Foram apreendidos os celulares dos presentes na ocasi\u00e3o. Contudo, o suposto propriet\u00e1rio n\u00e3o foi localizado.<\/p>\n\n\n\n<p>Recebido o Inqu\u00e9rito Policial pela Autoridade Policial de Rebou\u00e7as, representou-se pelo afastamento do sigilo telem\u00e1tico do conte\u00fado dos celulares apreendidos, a fim de que se pudesse prosseguir com as investiga\u00e7\u00f5es.<\/p>\n\n\n\n<p>Uma vez deferida a representa\u00e7\u00e3o, a equipe de investiga\u00e7\u00e3o da Delegacia de Rebou\u00e7as passou a analisar o conte\u00fado do celular, constatando-se que os suspeitos teriam em sua posse armas de fogo, bem como localizaram-se conversas que indicariam que estariam envolvidos no pr\u00f3prio furto da carga encontrada na propriedade.<\/p>\n\n\n\n<p>Diante de tais informa\u00e7\u00f5es, o Delegado de Pol\u00edcia titular da Delegacia de Rebou\u00e7as representou pela pris\u00e3o preventiva e pela busca e apreens\u00e3o dos principais suspeitos.<\/p>\n\n\n\n<figure class=\"wp-block-image size-full is-resized\"><img loading=\"lazy\" decoding=\"async\" src=\"https:\/\/radiostudiow.com.br\/site\/wp-content\/uploads\/2023\/08\/image-127.png\" alt=\"\" class=\"wp-image-14660\" style=\"width:742px;height:257px\" width=\"742\" height=\"257\"\/><\/figure>\n\n\n\n<p>Na data de hoje, ap\u00f3s o deferimento das medidas cautelares pelo Poder Judici\u00e1rio e a respectiva expedi\u00e7\u00e3o dos mandados, procedeu-se, em a\u00e7\u00e3o conjunta da Pol\u00edcia Civil, por meios das Delegacias de Rebou\u00e7as, Irati e S\u00e3o Jo\u00e3o do Triunfo, e da Pol\u00edcia Militar, ao fiel cumprimento, tendo sido efetuadas as pris\u00f5es dos suspeitos, que agora se encontram ao dispor da Justi\u00e7a.<\/p>\n\n\n\n<p>Os presos s\u00e3o suspeitos da pr\u00e1tica de outros furtos e roubos no munic\u00edpio de S\u00e3o Jo\u00e3o do Triunfo, havendo diversos Boletins de Ocorr\u00eancia e Den\u00fancias An\u00f4nimas nos quais s\u00e3o implicados como autores dos delitos.<\/p>\n\n\n\n<p><em>Com informa\u00e7\u00f5es PCPR e PORTAL RDX&nbsp;<\/em><\/p>\n","protected":false},"excerpt":{"rendered":"<p>A Pol\u00edcia Civil, sob a coordena\u00e7\u00e3o da Delegacia de Rebou\u00e7as, conjuntamente com as Delegacias de Irati e S\u00e3o Jo\u00e3o do Triunfo, al\u00e9m de imprescind\u00edvel apoio da Pol\u00edcia Militar, deflagraram opera\u00e7\u00e3o Corta Fumo, na manh\u00e3 desta sexta-feira, 25 de agosto, com a finalidade de cumprir mandados de busca e apreens\u00e3o e pris\u00e3o preventiva. A opera\u00e7\u00e3o Corta [&hellip;]<\/p>\n","protected":false},"author":2,"featured_media":14659,"comment_status":"open","ping_status":"open","sticky":false,"template":"","format":"standard","meta":{"footnotes":""},"categories":[2],"tags":[172],"class_list":["post-14657","post","type-post","status-publish","format-standard","has-post-thumbnail","hentry","category-policial","tag-featured"],"amp_enabled":true,"_links":{"self":[{"href":"https:\/\/radiostudiow.com.br\/site\/wp-json\/wp\/v2\/posts\/14657","targetHints":{"allow":["GET"]}}],"collection":[{"href":"https:\/\/radiostudiow.com.br\/site\/wp-json\/wp\/v2\/posts"}],"about":[{"href":"https:\/\/radiostudiow.com.br\/site\/wp-json\/wp\/v2\/types\/post"}],"author":[{"embeddable":true,"href":"https:\/\/radiostudiow.com.br\/site\/wp-json\/wp\/v2\/users\/2"}],"replies":[{"embeddable":true,"href":"https:\/\/radiostudiow.com.br\/site\/wp-json\/wp\/v2\/comments?post=14657"}],"version-history":[{"count":1,"href":"https:\/\/radiostudiow.com.br\/site\/wp-json\/wp\/v2\/posts\/14657\/revisions"}],"predecessor-version":[{"id":14661,"href":"https:\/\/radiostudiow.com.br\/site\/wp-json\/wp\/v2\/posts\/14657\/revisions\/14661"}],"wp:featuredmedia":[{"embeddable":true,"href":"https:\/\/radiostudiow.com.br\/site\/wp-json\/wp\/v2\/media\/14659"}],"wp:attachment":[{"href":"https:\/\/radiostudiow.com.br\/site\/wp-json\/wp\/v2\/media?parent=14657"}],"wp:term":[{"taxonomy":"category","embeddable":true,"href":"https:\/\/radiostudiow.com.br\/site\/wp-json\/wp\/v2\/categories?post=14657"},{"taxonomy":"post_tag","embeddable":true,"href":"https:\/\/radiostudiow.com.br\/site\/wp-json\/wp\/v2\/tags?post=14657"}],"curies":[{"name":"wp","href":"https:\/\/api.w.org\/{rel}","templated":true}]}}