{"id":14662,"date":"2023-08-26T09:20:57","date_gmt":"2023-08-26T12:20:57","guid":{"rendered":"https:\/\/radiostudiow.com.br\/site\/?p=14662"},"modified":"2025-01-31T15:06:34","modified_gmt":"2025-01-31T18:06:34","slug":"motociclista-e-preso-por-embriaguez-em-mallet","status":"publish","type":"post","link":"https:\/\/radiostudiow.com.br\/site\/2023\/08\/26\/motociclista-e-preso-por-embriaguez-em-mallet\/","title":{"rendered":"MOTOCICLISTA \u00c9 PRESO POR EMBRIAGUEZ EM MALLET"},"content":{"rendered":"\n<p><span id=\"docs-internal-guid-19c5680b-7fff-6fd6-0f77-a5499bf2de47\"><span style=\"background-color: transparent; font-family: Roboto, sans-serif; font-size: 9pt;\">A equipe da Pol\u00edcia Militar de Mallet realizava patrulhamento pela \u00e1rea central da cidade momento que abordou uma motocicleta, onde o condutor apresentava atitudes suspeitas. A situa\u00e7\u00e3o ocorreu por volta das 18:10 horas dessa sexta-feira (25)<\/span><span style=\"font-size: 9pt; font-family: Roboto, sans-serif; background-color: transparent; font-variant-numeric: normal; font-variant-east-asian: normal; font-variant-alternates: normal;\">.<\/span><\/span><\/p>\n\n\n\n<figure class=\"wp-block-image size-large\"><img decoding=\"async\" src=\"https:\/\/radiostudiow.com.br\/site\/wp-content\/uploads\/2023\/07\/image-34-1024x387.png\" alt=\"\" class=\"wp-image-13860\"\/><\/figure>\n\n\n\n<p><span id=\"docs-internal-guid-19c5680b-7fff-6fd6-0f77-a5499bf2de47\"><span style=\"font-size: 9pt; font-family: Roboto, sans-serif; background-color: transparent; font-variant-numeric: normal; font-variant-east-asian: normal; font-variant-alternates: normal;\">Os policiais constataram que o condutor apresentava sinais de embriaguez, ao realizar o teste do etil\u00f4metro, o qual aferiu 0,79 mg\/l.<\/span><\/span><\/p>\n\n\n\n<p><span id=\"docs-internal-guid-19c5680b-7fff-6fd6-0f77-a5499bf2de47\"><span style=\"font-size: 9pt; font-family: Roboto, sans-serif; background-color: transparent; font-variant-numeric: normal; font-variant-east-asian: normal; font-variant-alternates: normal;\">Diante do fato foi dado voz de pris\u00e3o ao mesmo e encaminhado a 4\u00aa SDP de Uni\u00e3o da Vit\u00f3ria para procedimentos de Pol\u00edcia Judici\u00e1ria. Foram confeccionados as notifica\u00e7\u00f5es pertinentes e a motocicleta foi recolhida ao p\u00e1tio do 3\u00ba Pelot\u00e3o da PM de Mallet, onde ficar\u00e1 \u00e0 disposi\u00e7\u00e3o do Detran.<\/span><\/span><\/p>\n","protected":false},"excerpt":{"rendered":"<p>A equipe da Pol\u00edcia Militar de Mallet realizava patrulhamento pela \u00e1rea central da cidade momento que abordou uma motocicleta, onde o condutor apresentava atitudes suspeitas. A situa\u00e7\u00e3o ocorreu por volta das 18:10 horas dessa sexta-feira (25). Os policiais constataram que o condutor apresentava sinais de embriaguez, ao realizar o teste do etil\u00f4metro, o qual aferiu [&hellip;]<\/p>\n","protected":false},"author":2,"featured_media":12720,"comment_status":"open","ping_status":"open","sticky":false,"template":"","format":"standard","meta":{"footnotes":""},"categories":[2],"tags":[172],"class_list":["post-14662","post","type-post","status-publish","format-standard","has-post-thumbnail","hentry","category-policial","tag-featured"],"amp_enabled":true,"_links":{"self":[{"href":"https:\/\/radiostudiow.com.br\/site\/wp-json\/wp\/v2\/posts\/14662","targetHints":{"allow":["GET"]}}],"collection":[{"href":"https:\/\/radiostudiow.com.br\/site\/wp-json\/wp\/v2\/posts"}],"about":[{"href":"https:\/\/radiostudiow.com.br\/site\/wp-json\/wp\/v2\/types\/post"}],"author":[{"embeddable":true,"href":"https:\/\/radiostudiow.com.br\/site\/wp-json\/wp\/v2\/users\/2"}],"replies":[{"embeddable":true,"href":"https:\/\/radiostudiow.com.br\/site\/wp-json\/wp\/v2\/comments?post=14662"}],"version-history":[{"count":1,"href":"https:\/\/radiostudiow.com.br\/site\/wp-json\/wp\/v2\/posts\/14662\/revisions"}],"predecessor-version":[{"id":14663,"href":"https:\/\/radiostudiow.com.br\/site\/wp-json\/wp\/v2\/posts\/14662\/revisions\/14663"}],"wp:featuredmedia":[{"embeddable":true,"href":"https:\/\/radiostudiow.com.br\/site\/wp-json\/wp\/v2\/media\/12720"}],"wp:attachment":[{"href":"https:\/\/radiostudiow.com.br\/site\/wp-json\/wp\/v2\/media?parent=14662"}],"wp:term":[{"taxonomy":"category","embeddable":true,"href":"https:\/\/radiostudiow.com.br\/site\/wp-json\/wp\/v2\/categories?post=14662"},{"taxonomy":"post_tag","embeddable":true,"href":"https:\/\/radiostudiow.com.br\/site\/wp-json\/wp\/v2\/tags?post=14662"}],"curies":[{"name":"wp","href":"https:\/\/api.w.org\/{rel}","templated":true}]}}