{"id":14667,"date":"2023-08-26T10:29:32","date_gmt":"2023-08-26T13:29:32","guid":{"rendered":"https:\/\/radiostudiow.com.br\/site\/?p=14667"},"modified":"2025-01-31T15:06:34","modified_gmt":"2025-01-31T18:06:34","slug":"morador-de-bituruna-e-vitima-de-furto","status":"publish","type":"post","link":"https:\/\/radiostudiow.com.br\/site\/2023\/08\/26\/morador-de-bituruna-e-vitima-de-furto\/","title":{"rendered":"MORADOR DE BITURUNA \u00c9 V\u00cdTIMA DE FURTO"},"content":{"rendered":"\n<p>Um senhor procurou a Pol\u00edcia Militar de Bituruna nesta sexta-feira, 25 de agosto,\u00a0 ap\u00f3s ser v\u00edtima de furto.<\/p>\n\n\n\n<figure class=\"wp-block-image size-full\"><img decoding=\"async\" src=\"https:\/\/radiostudiow.com.br\/site\/wp-content\/uploads\/2023\/08\/image-127.png\" alt=\"\" class=\"wp-image-14660\"\/><\/figure>\n\n\n\n<p>De acordo com o solicitante, no in\u00edcio da tarde do dia 23 de agosto, enquanto ele estava trabalhando entraram na sua resid\u00eancia e furtaram 2 televisores marca Philips 30\u2019 polegadas e Todeschini 26\u2019 polegadas, 01 motoserra Sthil 310 e outra Sthil 250, 01 Botij\u00e3o de g\u00e1s e 01 caixa de som port\u00e1til.<\/p>\n\n\n\n<p>Diante da situa\u00e7\u00e3o, a v\u00edtima foi orientada quanto aos procedimentos de investiga\u00e7\u00e3o junto a delegacia da Pol\u00edcia Civil.<\/p>\n","protected":false},"excerpt":{"rendered":"<p>Um senhor procurou a Pol\u00edcia Militar de Bituruna nesta sexta-feira, 25 de agosto,\u00a0 ap\u00f3s ser v\u00edtima de furto. De acordo com o solicitante, no in\u00edcio da tarde do dia 23 de agosto, enquanto ele estava trabalhando entraram na sua resid\u00eancia e furtaram 2 televisores marca Philips 30\u2019 polegadas e Todeschini 26\u2019 polegadas, 01 motoserra Sthil [&hellip;]<\/p>\n","protected":false},"author":2,"featured_media":0,"comment_status":"open","ping_status":"open","sticky":false,"template":"","format":"standard","meta":{"footnotes":""},"categories":[2],"tags":[172],"class_list":["post-14667","post","type-post","status-publish","format-standard","hentry","category-policial","tag-featured"],"amp_enabled":true,"_links":{"self":[{"href":"https:\/\/radiostudiow.com.br\/site\/wp-json\/wp\/v2\/posts\/14667","targetHints":{"allow":["GET"]}}],"collection":[{"href":"https:\/\/radiostudiow.com.br\/site\/wp-json\/wp\/v2\/posts"}],"about":[{"href":"https:\/\/radiostudiow.com.br\/site\/wp-json\/wp\/v2\/types\/post"}],"author":[{"embeddable":true,"href":"https:\/\/radiostudiow.com.br\/site\/wp-json\/wp\/v2\/users\/2"}],"replies":[{"embeddable":true,"href":"https:\/\/radiostudiow.com.br\/site\/wp-json\/wp\/v2\/comments?post=14667"}],"version-history":[{"count":1,"href":"https:\/\/radiostudiow.com.br\/site\/wp-json\/wp\/v2\/posts\/14667\/revisions"}],"predecessor-version":[{"id":14668,"href":"https:\/\/radiostudiow.com.br\/site\/wp-json\/wp\/v2\/posts\/14667\/revisions\/14668"}],"wp:attachment":[{"href":"https:\/\/radiostudiow.com.br\/site\/wp-json\/wp\/v2\/media?parent=14667"}],"wp:term":[{"taxonomy":"category","embeddable":true,"href":"https:\/\/radiostudiow.com.br\/site\/wp-json\/wp\/v2\/categories?post=14667"},{"taxonomy":"post_tag","embeddable":true,"href":"https:\/\/radiostudiow.com.br\/site\/wp-json\/wp\/v2\/tags?post=14667"}],"curies":[{"name":"wp","href":"https:\/\/api.w.org\/{rel}","templated":true}]}}