{"id":14670,"date":"2023-08-26T10:51:42","date_gmt":"2023-08-26T13:51:42","guid":{"rendered":"https:\/\/radiostudiow.com.br\/site\/?p=14670"},"modified":"2025-01-31T15:06:34","modified_gmt":"2025-01-31T18:06:34","slug":"pm-de-uniao-da-vitoria-prende-homem-por-embriaguez-ao-volante","status":"publish","type":"post","link":"https:\/\/radiostudiow.com.br\/site\/2023\/08\/26\/pm-de-uniao-da-vitoria-prende-homem-por-embriaguez-ao-volante\/","title":{"rendered":"PM DE UNI\u00c3O DA VIT\u00d3RIA PRENDE HOMEM POR EMBRIAGUEZ AO VOLANTE"},"content":{"rendered":"\n<p>A equipe da Pol\u00edcia Militar de Uni\u00e3o da Vit\u00f3ria estava realizando patrulhamento, quando visualizaram um ve\u00edculo transitando pela contram\u00e3o de dire\u00e7\u00e3o na localidade de Rio D\u2019araia por volta das 23:00 horas dessa sexta-feira (25).<\/p>\n\n\n\n<figure class=\"wp-block-image size-full\"><img decoding=\"async\" src=\"https:\/\/radiostudiow.com.br\/site\/wp-content\/uploads\/2023\/05\/image-2.png\" alt=\"\" class=\"wp-image-12867\"\/><\/figure>\n\n\n\n<p>Durante a abordagem, os policiais identificaram o condutor, o qual apresentava sinais de embriaguez. Foi solicitado para fazer o teste do etil\u00f4metro, o qual acusou 0.43 mg\/l.<\/p>\n\n\n\n<p>Diante da constata\u00e7\u00e3o do crime, foi dado voz de pris\u00e3o ao mesmo apresentado na Delegacia de Pol\u00edcia Civil. O ve\u00edculo foi recolhido ao p\u00e1tio do 27\u00ba BPM e lavrada as notifica\u00e7\u00f5es pertinentes.<\/p>\n","protected":false},"excerpt":{"rendered":"<p>A equipe da Pol\u00edcia Militar de Uni\u00e3o da Vit\u00f3ria estava realizando patrulhamento, quando visualizaram um ve\u00edculo transitando pela contram\u00e3o de dire\u00e7\u00e3o na localidade de Rio D\u2019araia por volta das 23:00 horas dessa sexta-feira (25). Durante a abordagem, os policiais identificaram o condutor, o qual apresentava sinais de embriaguez. Foi solicitado para fazer o teste do [&hellip;]<\/p>\n","protected":false},"author":2,"featured_media":13898,"comment_status":"open","ping_status":"open","sticky":false,"template":"","format":"standard","meta":{"footnotes":""},"categories":[2],"tags":[172],"class_list":["post-14670","post","type-post","status-publish","format-standard","has-post-thumbnail","hentry","category-policial","tag-featured"],"amp_enabled":true,"_links":{"self":[{"href":"https:\/\/radiostudiow.com.br\/site\/wp-json\/wp\/v2\/posts\/14670","targetHints":{"allow":["GET"]}}],"collection":[{"href":"https:\/\/radiostudiow.com.br\/site\/wp-json\/wp\/v2\/posts"}],"about":[{"href":"https:\/\/radiostudiow.com.br\/site\/wp-json\/wp\/v2\/types\/post"}],"author":[{"embeddable":true,"href":"https:\/\/radiostudiow.com.br\/site\/wp-json\/wp\/v2\/users\/2"}],"replies":[{"embeddable":true,"href":"https:\/\/radiostudiow.com.br\/site\/wp-json\/wp\/v2\/comments?post=14670"}],"version-history":[{"count":1,"href":"https:\/\/radiostudiow.com.br\/site\/wp-json\/wp\/v2\/posts\/14670\/revisions"}],"predecessor-version":[{"id":14671,"href":"https:\/\/radiostudiow.com.br\/site\/wp-json\/wp\/v2\/posts\/14670\/revisions\/14671"}],"wp:featuredmedia":[{"embeddable":true,"href":"https:\/\/radiostudiow.com.br\/site\/wp-json\/wp\/v2\/media\/13898"}],"wp:attachment":[{"href":"https:\/\/radiostudiow.com.br\/site\/wp-json\/wp\/v2\/media?parent=14670"}],"wp:term":[{"taxonomy":"category","embeddable":true,"href":"https:\/\/radiostudiow.com.br\/site\/wp-json\/wp\/v2\/categories?post=14670"},{"taxonomy":"post_tag","embeddable":true,"href":"https:\/\/radiostudiow.com.br\/site\/wp-json\/wp\/v2\/tags?post=14670"}],"curies":[{"name":"wp","href":"https:\/\/api.w.org\/{rel}","templated":true}]}}