{"id":14673,"date":"2023-08-28T10:09:33","date_gmt":"2023-08-28T13:09:33","guid":{"rendered":"https:\/\/radiostudiow.com.br\/site\/?p=14673"},"modified":"2025-01-31T15:06:34","modified_gmt":"2025-01-31T18:06:34","slug":"mulher-vitima-de-violencia-domestica-do-proprio-filho-aciona-pm-de-sao-mateus-do-sul","status":"publish","type":"post","link":"https:\/\/radiostudiow.com.br\/site\/2023\/08\/28\/mulher-vitima-de-violencia-domestica-do-proprio-filho-aciona-pm-de-sao-mateus-do-sul\/","title":{"rendered":"MULHER V\u00cdTIMA DE VIOL\u00caNCIA DOM\u00c9STICA DO PR\u00d3PRIO FILHO ACIONA PM DE S\u00c3O MATEUS DO SUL"},"content":{"rendered":"\n<figure class=\"wp-block-image size-full\"><img decoding=\"async\" src=\"https:\/\/radiostudiow.com.br\/site\/wp-content\/uploads\/2023\/08\/image-125.png\" alt=\"\" class=\"wp-image-14658\"\/><\/figure>\n\n\n\n<p>A equipe da Pol\u00edcia Militar de S\u00e3o Mateus do Sul foi acionada por uma senhora para atender uma situa\u00e7\u00e3o de viol\u00eancia dom\u00e9stica na Vila Amaral na manh\u00e3 deste domingo (27).<\/p>\n\n\n\n<p>No local em conversa com a senhora que relatou ter sido agredida pelo seu filho, este j\u00e1 conhecido no meio policial por ser usu\u00e1rio de drogas e violentar fisicamente a m\u00e3e diversas vezes.<\/p>\n\n\n\n<p>A senhora relatou que acordou cedo para esquentar o leite para o seu filho mais novo de 3 anos e assim que levantou, informou que o filho mais velho havia invadido a casa, a agrediu com tapas e pux\u00f5es de cabelo e assim que ela conseguiu se trancar no banheiro para ligar para a pol\u00edcia, ele empreendeu fuga seguindo rumo desconhecido.<\/p>\n\n\n\n<figure class=\"wp-block-image size-full\"><img decoding=\"async\" src=\"https:\/\/radiostudiow.com.br\/site\/wp-content\/uploads\/2023\/08\/image-127.png\" alt=\"\" class=\"wp-image-14660\"\/><\/figure>\n\n\n\n<p>A mulher relatou ainda que essas agress\u00f5es s\u00e3o constantes mesmo possuindo medida protetiva contra o filho, pois ele invade a casa arrombando a porta e quebrando vidros como foi constatado pela equipe no local.<\/p>\n\n\n\n<p>A PM realizou patrulhamento nas proximidades no intuito de localizar o autor por\u00e9m sem \u00eaxito, sendo confeccionado o boletim de ocorr\u00eancia.<\/p>\n","protected":false},"excerpt":{"rendered":"<p>A equipe da Pol\u00edcia Militar de S\u00e3o Mateus do Sul foi acionada por uma senhora para atender uma situa\u00e7\u00e3o de viol\u00eancia dom\u00e9stica na Vila Amaral na manh\u00e3 deste domingo (27). No local em conversa com a senhora que relatou ter sido agredida pelo seu filho, este j\u00e1 conhecido no meio policial por ser usu\u00e1rio de [&hellip;]<\/p>\n","protected":false},"author":2,"featured_media":12363,"comment_status":"open","ping_status":"open","sticky":false,"template":"","format":"standard","meta":{"footnotes":""},"categories":[2],"tags":[172],"class_list":["post-14673","post","type-post","status-publish","format-standard","has-post-thumbnail","hentry","category-policial","tag-featured"],"amp_enabled":true,"_links":{"self":[{"href":"https:\/\/radiostudiow.com.br\/site\/wp-json\/wp\/v2\/posts\/14673","targetHints":{"allow":["GET"]}}],"collection":[{"href":"https:\/\/radiostudiow.com.br\/site\/wp-json\/wp\/v2\/posts"}],"about":[{"href":"https:\/\/radiostudiow.com.br\/site\/wp-json\/wp\/v2\/types\/post"}],"author":[{"embeddable":true,"href":"https:\/\/radiostudiow.com.br\/site\/wp-json\/wp\/v2\/users\/2"}],"replies":[{"embeddable":true,"href":"https:\/\/radiostudiow.com.br\/site\/wp-json\/wp\/v2\/comments?post=14673"}],"version-history":[{"count":1,"href":"https:\/\/radiostudiow.com.br\/site\/wp-json\/wp\/v2\/posts\/14673\/revisions"}],"predecessor-version":[{"id":14674,"href":"https:\/\/radiostudiow.com.br\/site\/wp-json\/wp\/v2\/posts\/14673\/revisions\/14674"}],"wp:featuredmedia":[{"embeddable":true,"href":"https:\/\/radiostudiow.com.br\/site\/wp-json\/wp\/v2\/media\/12363"}],"wp:attachment":[{"href":"https:\/\/radiostudiow.com.br\/site\/wp-json\/wp\/v2\/media?parent=14673"}],"wp:term":[{"taxonomy":"category","embeddable":true,"href":"https:\/\/radiostudiow.com.br\/site\/wp-json\/wp\/v2\/categories?post=14673"},{"taxonomy":"post_tag","embeddable":true,"href":"https:\/\/radiostudiow.com.br\/site\/wp-json\/wp\/v2\/tags?post=14673"}],"curies":[{"name":"wp","href":"https:\/\/api.w.org\/{rel}","templated":true}]}}