{"id":14677,"date":"2023-08-28T11:17:21","date_gmt":"2023-08-28T14:17:21","guid":{"rendered":"https:\/\/radiostudiow.com.br\/site\/?p=14677"},"modified":"2025-01-31T15:06:34","modified_gmt":"2025-01-31T18:06:34","slug":"veiculo-fica-em-chamas-apos-acidente-na-pr-151-durante-a-noite-desse-domingo-27","status":"publish","type":"post","link":"https:\/\/radiostudiow.com.br\/site\/2023\/08\/28\/veiculo-fica-em-chamas-apos-acidente-na-pr-151-durante-a-noite-desse-domingo-27\/","title":{"rendered":"VE\u00cdCULO FICA EM CHAMAS AP\u00d3S ACIDENTE NA PR-151 DURANTE A NOITE DESSE DOMINGO (27)"},"content":{"rendered":"\n<p>Um ve\u00edculo pegou fogo ap\u00f3s se envolver em um acidente na PR-151, km 439, na regi\u00e3o da \u00c1gua Branca, em S\u00e3o Mateus do Sul a noite deste domingo (27).<\/p>\n\n\n\n<figure class=\"wp-block-image size-large\"><img decoding=\"async\" src=\"https:\/\/radiostudiow.com.br\/site\/wp-content\/uploads\/2023\/07\/image-34-1024x387.png\" alt=\"\" class=\"wp-image-13860\"\/><\/figure>\n\n\n\n<p>Segundo informa\u00e7\u00f5es da PRE, o acidente envolveu uma caminhonete e um VW\/Voyage com placas de S\u00e3o Mateus do Sul. Com o impacto da batida, o Voyage entrou em chamas.<\/p>\n\n\n\n<p>A PRE informou que apesar do susto, n\u00e3o houve registro de v\u00edtimas. Corpo de Bombeiros foram acionados para atender a ocorr\u00eancia.<\/p>\n\n\n\n<figure class=\"wp-block-video\"><video controls src=\"https:\/\/radiostudiow.com.br\/site\/wp-content\/uploads\/2023\/08\/370786344_815257673627177_1489296314000151062_n.mp4\"><\/video><\/figure>\n\n\n\n<p>Fonte: Portal RDX<\/p>\n","protected":false},"excerpt":{"rendered":"<p>Um ve\u00edculo pegou fogo ap\u00f3s se envolver em um acidente na PR-151, km 439, na regi\u00e3o da \u00c1gua Branca, em S\u00e3o Mateus do Sul a noite deste domingo (27). Segundo informa\u00e7\u00f5es da PRE, o acidente envolveu uma caminhonete e um VW\/Voyage com placas de S\u00e3o Mateus do Sul. Com o impacto da batida, o Voyage [&hellip;]<\/p>\n","protected":false},"author":2,"featured_media":14678,"comment_status":"open","ping_status":"open","sticky":false,"template":"","format":"standard","meta":{"footnotes":""},"categories":[185],"tags":[172],"class_list":["post-14677","post","type-post","status-publish","format-standard","has-post-thumbnail","hentry","category-regional","tag-featured"],"amp_enabled":true,"_links":{"self":[{"href":"https:\/\/radiostudiow.com.br\/site\/wp-json\/wp\/v2\/posts\/14677","targetHints":{"allow":["GET"]}}],"collection":[{"href":"https:\/\/radiostudiow.com.br\/site\/wp-json\/wp\/v2\/posts"}],"about":[{"href":"https:\/\/radiostudiow.com.br\/site\/wp-json\/wp\/v2\/types\/post"}],"author":[{"embeddable":true,"href":"https:\/\/radiostudiow.com.br\/site\/wp-json\/wp\/v2\/users\/2"}],"replies":[{"embeddable":true,"href":"https:\/\/radiostudiow.com.br\/site\/wp-json\/wp\/v2\/comments?post=14677"}],"version-history":[{"count":1,"href":"https:\/\/radiostudiow.com.br\/site\/wp-json\/wp\/v2\/posts\/14677\/revisions"}],"predecessor-version":[{"id":14680,"href":"https:\/\/radiostudiow.com.br\/site\/wp-json\/wp\/v2\/posts\/14677\/revisions\/14680"}],"wp:featuredmedia":[{"embeddable":true,"href":"https:\/\/radiostudiow.com.br\/site\/wp-json\/wp\/v2\/media\/14678"}],"wp:attachment":[{"href":"https:\/\/radiostudiow.com.br\/site\/wp-json\/wp\/v2\/media?parent=14677"}],"wp:term":[{"taxonomy":"category","embeddable":true,"href":"https:\/\/radiostudiow.com.br\/site\/wp-json\/wp\/v2\/categories?post=14677"},{"taxonomy":"post_tag","embeddable":true,"href":"https:\/\/radiostudiow.com.br\/site\/wp-json\/wp\/v2\/tags?post=14677"}],"curies":[{"name":"wp","href":"https:\/\/api.w.org\/{rel}","templated":true}]}}