{"id":14686,"date":"2023-08-28T17:23:14","date_gmt":"2023-08-28T20:23:14","guid":{"rendered":"https:\/\/radiostudiow.com.br\/site\/?p=14686"},"modified":"2025-01-31T15:06:34","modified_gmt":"2025-01-31T18:06:34","slug":"em-uniao-da-vitoria-homem-ameaca-matar-convivente-apos-ciumes","status":"publish","type":"post","link":"https:\/\/radiostudiow.com.br\/site\/2023\/08\/28\/em-uniao-da-vitoria-homem-ameaca-matar-convivente-apos-ciumes\/","title":{"rendered":"EM UNI\u00c3O DA VIT\u00d3RIA, HOMEM AMEA\u00c7A MATAR CONVIVENTE AP\u00d3S CI\u00daMES"},"content":{"rendered":"\n<p>A equipe da Pol\u00edcia Militar de Uni\u00e3o da Vit\u00f3ria registrou uma ocorr\u00eancia de amea\u00e7a de morte e viol\u00eancia dom\u00e9stica por volta das 15:40 horas desse domingo (27).<\/p>\n\n\n\n<figure class=\"wp-block-image size-full\"><img decoding=\"async\" src=\"https:\/\/radiostudiow.com.br\/site\/wp-content\/uploads\/2023\/08\/image-127.png\" alt=\"\" class=\"wp-image-14660\"\/><\/figure>\n\n\n\n<p>Os policiais se deslocaram at\u00e9 o bairro Nossa Senhora da Salete, no Distrito de S\u00e3o Crist\u00f3v\u00e3o, onde o homem teve uma crise de ci\u00fames e amea\u00e7ou matar a mulher. A v\u00edtima relatou n\u00e3o ter sofrido agress\u00e3o e tamb\u00e9m n\u00e3o desejou representar contra o autor.<\/p>\n\n\n\n<p>Ela recebeu as orienta\u00e7\u00f5es necess\u00e1rias e o boletim de ocorr\u00eancias foi confeccionado.<\/p>\n","protected":false},"excerpt":{"rendered":"<p>A equipe da Pol\u00edcia Militar de Uni\u00e3o da Vit\u00f3ria registrou uma ocorr\u00eancia de amea\u00e7a de morte e viol\u00eancia dom\u00e9stica por volta das 15:40 horas desse domingo (27). Os policiais se deslocaram at\u00e9 o bairro Nossa Senhora da Salete, no Distrito de S\u00e3o Crist\u00f3v\u00e3o, onde o homem teve uma crise de ci\u00fames e amea\u00e7ou matar a [&hellip;]<\/p>\n","protected":false},"author":2,"featured_media":11623,"comment_status":"open","ping_status":"open","sticky":false,"template":"","format":"standard","meta":{"footnotes":""},"categories":[2],"tags":[172],"class_list":["post-14686","post","type-post","status-publish","format-standard","has-post-thumbnail","hentry","category-policial","tag-featured"],"amp_enabled":true,"_links":{"self":[{"href":"https:\/\/radiostudiow.com.br\/site\/wp-json\/wp\/v2\/posts\/14686","targetHints":{"allow":["GET"]}}],"collection":[{"href":"https:\/\/radiostudiow.com.br\/site\/wp-json\/wp\/v2\/posts"}],"about":[{"href":"https:\/\/radiostudiow.com.br\/site\/wp-json\/wp\/v2\/types\/post"}],"author":[{"embeddable":true,"href":"https:\/\/radiostudiow.com.br\/site\/wp-json\/wp\/v2\/users\/2"}],"replies":[{"embeddable":true,"href":"https:\/\/radiostudiow.com.br\/site\/wp-json\/wp\/v2\/comments?post=14686"}],"version-history":[{"count":1,"href":"https:\/\/radiostudiow.com.br\/site\/wp-json\/wp\/v2\/posts\/14686\/revisions"}],"predecessor-version":[{"id":14687,"href":"https:\/\/radiostudiow.com.br\/site\/wp-json\/wp\/v2\/posts\/14686\/revisions\/14687"}],"wp:featuredmedia":[{"embeddable":true,"href":"https:\/\/radiostudiow.com.br\/site\/wp-json\/wp\/v2\/media\/11623"}],"wp:attachment":[{"href":"https:\/\/radiostudiow.com.br\/site\/wp-json\/wp\/v2\/media?parent=14686"}],"wp:term":[{"taxonomy":"category","embeddable":true,"href":"https:\/\/radiostudiow.com.br\/site\/wp-json\/wp\/v2\/categories?post=14686"},{"taxonomy":"post_tag","embeddable":true,"href":"https:\/\/radiostudiow.com.br\/site\/wp-json\/wp\/v2\/tags?post=14686"}],"curies":[{"name":"wp","href":"https:\/\/api.w.org\/{rel}","templated":true}]}}