{"id":14703,"date":"2023-08-29T17:56:05","date_gmt":"2023-08-29T20:56:05","guid":{"rendered":"https:\/\/radiostudiow.com.br\/site\/?p=14703"},"modified":"2025-01-31T15:06:34","modified_gmt":"2025-01-31T18:06:34","slug":"pc-de-mallet-realiza-operacao-shamar-em-paulo-frontin","status":"publish","type":"post","link":"https:\/\/radiostudiow.com.br\/site\/2023\/08\/29\/pc-de-mallet-realiza-operacao-shamar-em-paulo-frontin\/","title":{"rendered":"PC DE MALLET REALIZA OPERA\u00c7\u00c3O SHAMAR EM PAULO FRONTIN"},"content":{"rendered":"\n<p>A equipe da Pol\u00edcia Civil do Paran\u00e1 atrav\u00e9s da 10\u00aa DRP de Mallet participou nesta segunda-feira, 28 de agosto, do evento realizado na cidade de Paulo Frontin &#8220;Frontin para todos&#8221;, com a finalidade de levar os servi\u00e7os de Pol\u00edcia Judici\u00e1ria at\u00e9 a popula\u00e7\u00e3o.<\/p>\n\n\n\n<figure class=\"wp-block-image size-full\"><img decoding=\"async\" src=\"https:\/\/radiostudiow.com.br\/site\/wp-content\/uploads\/2023\/05\/image-2.png\" alt=\"\" class=\"wp-image-12867\"\/><\/figure>\n\n\n\n<p>Na oportunidade, fez-se divulga\u00e7\u00e3o da Opera\u00e7\u00e3o SHAMAR, a qual objetiva intensificar o combate \u00e0 viol\u00eancia dom\u00e9stica e familiar contra a mulher.<\/p>\n\n\n\n<p>A Pol\u00edcia Civil est\u00e1 realizando essa Opera\u00e7\u00e3o SHAMAR em combate \u00e0 viol\u00eancia dom\u00e9stica e familiar contra a mulher e ao feminic\u00eddio. Al\u00e9m de outras campanhas relacionadas ao combate \u00e0 viol\u00eancia dom\u00e9stica e familiar.<\/p>\n\n\n\n<p>De iniciativa da 10\u00aa DRP de Mallet estamos arrecadando doa\u00e7\u00f5es de alimentos e produtos de higiene, os quais ser\u00e3o posteriormente doados \u00e0s mulheres e seus familiares que tanto necessitam.<\/p>\n\n\n\n<p><strong>N\u00c3O VAMOS DEIXAR AS NOSSAS MULHERES DESAMPARADAS, TODOS JUNTOS NESSA CAUSA.<\/strong><\/p>\n\n\n\n<figure class=\"wp-block-image size-full\"><img loading=\"lazy\" decoding=\"async\" width=\"619\" height=\"841\" src=\"https:\/\/radiostudiow.com.br\/site\/wp-content\/uploads\/2023\/08\/image-130.png\" alt=\"\" class=\"wp-image-14705\" srcset=\"https:\/\/radiostudiow.com.br\/site\/wp-content\/uploads\/2023\/08\/image-130.png 619w, https:\/\/radiostudiow.com.br\/site\/wp-content\/uploads\/2023\/08\/image-130-221x300.png 221w\" sizes=\"auto, (max-width: 619px) 100vw, 619px\" \/><\/figure>\n","protected":false},"excerpt":{"rendered":"<p>A equipe da Pol\u00edcia Civil do Paran\u00e1 atrav\u00e9s da 10\u00aa DRP de Mallet participou nesta segunda-feira, 28 de agosto, do evento realizado na cidade de Paulo Frontin &#8220;Frontin para todos&#8221;, com a finalidade de levar os servi\u00e7os de Pol\u00edcia Judici\u00e1ria at\u00e9 a popula\u00e7\u00e3o. Na oportunidade, fez-se divulga\u00e7\u00e3o da Opera\u00e7\u00e3o SHAMAR, a qual objetiva intensificar o [&hellip;]<\/p>\n","protected":false},"author":2,"featured_media":14704,"comment_status":"open","ping_status":"open","sticky":false,"template":"","format":"standard","meta":{"footnotes":""},"categories":[185],"tags":[172],"class_list":["post-14703","post","type-post","status-publish","format-standard","has-post-thumbnail","hentry","category-regional","tag-featured"],"amp_enabled":true,"_links":{"self":[{"href":"https:\/\/radiostudiow.com.br\/site\/wp-json\/wp\/v2\/posts\/14703","targetHints":{"allow":["GET"]}}],"collection":[{"href":"https:\/\/radiostudiow.com.br\/site\/wp-json\/wp\/v2\/posts"}],"about":[{"href":"https:\/\/radiostudiow.com.br\/site\/wp-json\/wp\/v2\/types\/post"}],"author":[{"embeddable":true,"href":"https:\/\/radiostudiow.com.br\/site\/wp-json\/wp\/v2\/users\/2"}],"replies":[{"embeddable":true,"href":"https:\/\/radiostudiow.com.br\/site\/wp-json\/wp\/v2\/comments?post=14703"}],"version-history":[{"count":1,"href":"https:\/\/radiostudiow.com.br\/site\/wp-json\/wp\/v2\/posts\/14703\/revisions"}],"predecessor-version":[{"id":14706,"href":"https:\/\/radiostudiow.com.br\/site\/wp-json\/wp\/v2\/posts\/14703\/revisions\/14706"}],"wp:featuredmedia":[{"embeddable":true,"href":"https:\/\/radiostudiow.com.br\/site\/wp-json\/wp\/v2\/media\/14704"}],"wp:attachment":[{"href":"https:\/\/radiostudiow.com.br\/site\/wp-json\/wp\/v2\/media?parent=14703"}],"wp:term":[{"taxonomy":"category","embeddable":true,"href":"https:\/\/radiostudiow.com.br\/site\/wp-json\/wp\/v2\/categories?post=14703"},{"taxonomy":"post_tag","embeddable":true,"href":"https:\/\/radiostudiow.com.br\/site\/wp-json\/wp\/v2\/tags?post=14703"}],"curies":[{"name":"wp","href":"https:\/\/api.w.org\/{rel}","templated":true}]}}