{"id":14733,"date":"2023-08-30T19:12:08","date_gmt":"2023-08-30T22:12:08","guid":{"rendered":"https:\/\/radiostudiow.com.br\/site\/?p=14733"},"modified":"2025-01-31T15:06:34","modified_gmt":"2025-01-31T18:06:34","slug":"audiencia-publica-plano-municipal-de-educacao","status":"publish","type":"post","link":"https:\/\/radiostudiow.com.br\/site\/2023\/08\/30\/audiencia-publica-plano-municipal-de-educacao\/","title":{"rendered":"AUDI\u00caNCIA P\u00daBLICA- PLANO MUNICIPAL DE EDUCA\u00c7\u00c3O"},"content":{"rendered":"\n<p><span style=\"color: rgb(5, 5, 5); font-family: &quot;Segoe UI Historic&quot;, &quot;Segoe UI&quot;, Helvetica, Arial, sans-serif; font-size: 15px;\">No dia 31\/08\/2023, ocorrer\u00e1 nas depend\u00eancias da C\u00e2mara Municipal de Vereadores, das 8h00 \u00e0s 11h30min, a 4\u00aa Audi\u00eancia P\u00fablica para avalia\u00e7\u00e3o do Plano Municipal de Educa\u00e7\u00e3o. Convidamos toda comunidade escolar para participar desse momento importante de an\u00e1lise e aprova\u00e7\u00e3o das metas e estrat\u00e9gias voltadas para o fortalecimento da educa\u00e7\u00e3o em nosso munic\u00edpio.<\/span><\/p>\n\n\n\n<figure class=\"wp-block-video\"><video controls src=\"https:\/\/radiostudiow.com.br\/site\/wp-content\/uploads\/2023\/08\/Untitled.mp4\"><\/video><\/figure>\n","protected":false},"excerpt":{"rendered":"<p>No dia 31\/08\/2023, ocorrer\u00e1 nas depend\u00eancias da C\u00e2mara Municipal de Vereadores, das 8h00 \u00e0s 11h30min, a 4\u00aa Audi\u00eancia P\u00fablica para avalia\u00e7\u00e3o do Plano Municipal de Educa\u00e7\u00e3o. Convidamos toda comunidade escolar para participar desse momento importante de an\u00e1lise e aprova\u00e7\u00e3o das metas e estrat\u00e9gias voltadas para o fortalecimento da educa\u00e7\u00e3o em nosso munic\u00edpio.<\/p>\n","protected":false},"author":2,"featured_media":0,"comment_status":"open","ping_status":"open","sticky":false,"template":"","format":"standard","meta":{"footnotes":""},"categories":[184],"tags":[172],"class_list":["post-14733","post","type-post","status-publish","format-standard","hentry","category-local","tag-featured"],"amp_enabled":true,"_links":{"self":[{"href":"https:\/\/radiostudiow.com.br\/site\/wp-json\/wp\/v2\/posts\/14733","targetHints":{"allow":["GET"]}}],"collection":[{"href":"https:\/\/radiostudiow.com.br\/site\/wp-json\/wp\/v2\/posts"}],"about":[{"href":"https:\/\/radiostudiow.com.br\/site\/wp-json\/wp\/v2\/types\/post"}],"author":[{"embeddable":true,"href":"https:\/\/radiostudiow.com.br\/site\/wp-json\/wp\/v2\/users\/2"}],"replies":[{"embeddable":true,"href":"https:\/\/radiostudiow.com.br\/site\/wp-json\/wp\/v2\/comments?post=14733"}],"version-history":[{"count":1,"href":"https:\/\/radiostudiow.com.br\/site\/wp-json\/wp\/v2\/posts\/14733\/revisions"}],"predecessor-version":[{"id":14736,"href":"https:\/\/radiostudiow.com.br\/site\/wp-json\/wp\/v2\/posts\/14733\/revisions\/14736"}],"wp:attachment":[{"href":"https:\/\/radiostudiow.com.br\/site\/wp-json\/wp\/v2\/media?parent=14733"}],"wp:term":[{"taxonomy":"category","embeddable":true,"href":"https:\/\/radiostudiow.com.br\/site\/wp-json\/wp\/v2\/categories?post=14733"},{"taxonomy":"post_tag","embeddable":true,"href":"https:\/\/radiostudiow.com.br\/site\/wp-json\/wp\/v2\/tags?post=14733"}],"curies":[{"name":"wp","href":"https:\/\/api.w.org\/{rel}","templated":true}]}}