{"id":14791,"date":"2023-09-01T15:38:24","date_gmt":"2023-09-01T18:38:24","guid":{"rendered":"https:\/\/radiostudiow.com.br\/site\/?p=14791"},"modified":"2025-01-31T15:06:33","modified_gmt":"2025-01-31T18:06:33","slug":"tragedia-em-bituruna-crianca-de-07-anos-morre-atingida-por-trator","status":"publish","type":"post","link":"https:\/\/radiostudiow.com.br\/site\/2023\/09\/01\/tragedia-em-bituruna-crianca-de-07-anos-morre-atingida-por-trator\/","title":{"rendered":"TRAG\u00c9DIA EM BITURUNA! CRIAN\u00c7A DE 07 ANOS MORRE ATINGIDA POR TRATOR"},"content":{"rendered":"\n<p>Uma trag\u00e9dia tirou a vida de uma crian\u00e7a de apenas 07 anos de idade na noite dessa quinta-feira, 31 de agosto, no interior da cidade de Bituruna.<\/p>\n\n\n\n<figure class=\"wp-block-image size-full\"><img decoding=\"async\" src=\"https:\/\/radiostudiow.com.br\/site\/wp-content\/uploads\/2023\/08\/image-125.png\" alt=\"\" class=\"wp-image-14658\"\/><\/figure>\n\n\n\n<p>De acordo com informa\u00e7\u00f5es apuradas pela reportagem do Canal 4 TV, a crian\u00e7a identificada pelas iniciais \u201cJ. C. J.\u201d estava na companhia de seu tio quando acabou se desequilibrando de um trator e caindo na frente no maquin\u00e1rio.<\/p>\n\n\n\n<p>Familiares acionaram o resgate e o menino chegou a ser socorrido, no entanto, n\u00e3o resistiu e morreu antes da chegada ao hospital de Bituruna. O corpo foi encaminhado ao IML de Uni\u00e3o da Vit\u00f3ria.<\/p>\n\n\n\n<p><em>O menino que tinha completado 07 anos no in\u00edcio do m\u00eas de agosto ser\u00e1 velado na Igreja Assembl\u00e9ia de Deus da Linha Rondon.<\/em><\/p>\n\n\n\n<p>O sepultamento est\u00e1 prevista para o s\u00e1bado, 02 de setembro, no Cemit\u00e9rio Santo Ant\u00f4nio em Bituruna.<\/p>\n","protected":false},"excerpt":{"rendered":"<p>Uma trag\u00e9dia tirou a vida de uma crian\u00e7a de apenas 07 anos de idade na noite dessa quinta-feira, 31 de agosto, no interior da cidade de Bituruna. De acordo com informa\u00e7\u00f5es apuradas pela reportagem do Canal 4 TV, a crian\u00e7a identificada pelas iniciais \u201cJ. C. J.\u201d estava na companhia de seu tio quando acabou se [&hellip;]<\/p>\n","protected":false},"author":2,"featured_media":7526,"comment_status":"open","ping_status":"open","sticky":false,"template":"","format":"standard","meta":{"footnotes":""},"categories":[185],"tags":[172],"class_list":["post-14791","post","type-post","status-publish","format-standard","has-post-thumbnail","hentry","category-regional","tag-featured"],"amp_enabled":true,"_links":{"self":[{"href":"https:\/\/radiostudiow.com.br\/site\/wp-json\/wp\/v2\/posts\/14791","targetHints":{"allow":["GET"]}}],"collection":[{"href":"https:\/\/radiostudiow.com.br\/site\/wp-json\/wp\/v2\/posts"}],"about":[{"href":"https:\/\/radiostudiow.com.br\/site\/wp-json\/wp\/v2\/types\/post"}],"author":[{"embeddable":true,"href":"https:\/\/radiostudiow.com.br\/site\/wp-json\/wp\/v2\/users\/2"}],"replies":[{"embeddable":true,"href":"https:\/\/radiostudiow.com.br\/site\/wp-json\/wp\/v2\/comments?post=14791"}],"version-history":[{"count":1,"href":"https:\/\/radiostudiow.com.br\/site\/wp-json\/wp\/v2\/posts\/14791\/revisions"}],"predecessor-version":[{"id":14792,"href":"https:\/\/radiostudiow.com.br\/site\/wp-json\/wp\/v2\/posts\/14791\/revisions\/14792"}],"wp:featuredmedia":[{"embeddable":true,"href":"https:\/\/radiostudiow.com.br\/site\/wp-json\/wp\/v2\/media\/7526"}],"wp:attachment":[{"href":"https:\/\/radiostudiow.com.br\/site\/wp-json\/wp\/v2\/media?parent=14791"}],"wp:term":[{"taxonomy":"category","embeddable":true,"href":"https:\/\/radiostudiow.com.br\/site\/wp-json\/wp\/v2\/categories?post=14791"},{"taxonomy":"post_tag","embeddable":true,"href":"https:\/\/radiostudiow.com.br\/site\/wp-json\/wp\/v2\/tags?post=14791"}],"curies":[{"name":"wp","href":"https:\/\/api.w.org\/{rel}","templated":true}]}}