{"id":14825,"date":"2023-09-04T17:18:32","date_gmt":"2023-09-04T20:18:32","guid":{"rendered":"https:\/\/radiostudiow.com.br\/site\/?p=14825"},"modified":"2025-01-31T15:06:33","modified_gmt":"2025-01-31T18:06:33","slug":"chuva-provoca-queda-de-arvores-na-br-476-entre-sao-mateus-do-sul-e-paulo-frontin","status":"publish","type":"post","link":"https:\/\/radiostudiow.com.br\/site\/2023\/09\/04\/chuva-provoca-queda-de-arvores-na-br-476-entre-sao-mateus-do-sul-e-paulo-frontin\/","title":{"rendered":"Chuva provoca queda de \u00e1rvores na BR-476 entre S\u00e3o Mateus do Sul e Paulo Frontin"},"content":{"rendered":"\n<p><strong><em>A forte chuva acompanhada de ventos que atingiu a regi\u00e3o causou estragos em alguns pontos na tarde desta segunda-feira (04).<\/em><\/strong><\/p>\n\n\n\n<figure class=\"wp-block-image size-large\"><img decoding=\"async\" src=\"https:\/\/radiostudiow.com.br\/site\/wp-content\/uploads\/2023\/07\/image-34-1024x387.png\" alt=\"\" class=\"wp-image-13860\"\/><\/figure>\n\n\n\n<p>Segundo informa\u00e7\u00f5es do Corpo de Bombeiros, houve destelhamento em algumas resid\u00eancias de Paulo Frontin, que receber\u00e3o o apoio com a coloca\u00e7\u00e3o de lonas.<\/p>\n\n\n\n<p>A reportagem do&nbsp;<strong>Portal RDX<\/strong>&nbsp;tamb\u00e9m recebeu imagens que mostram a queda de \u00e1rvores e galhos na BR-476, na regi\u00e3o do Distrito de Fluvi\u00f3polis, em S\u00e3o Mateus do Sul, pr\u00f3ximo ao Posto Amig\u00e3o.<\/p>\n\n\n\n<figure class=\"wp-block-embed is-type-video is-provider-youtube wp-block-embed-youtube wp-embed-aspect-16-9 wp-has-aspect-ratio\"><div class=\"wp-block-embed__wrapper\">\n<iframe loading=\"lazy\" title=\"Chuva provoca queda de \u00e1rvores na BR-476 entre S\u00e3o Mateus do Sul e Paulo Frontin\" width=\"740\" height=\"416\" src=\"https:\/\/www.youtube.com\/embed\/DCD9iLxkIIU?feature=oembed\" frameborder=\"0\" allow=\"accelerometer; autoplay; clipboard-write; encrypted-media; gyroscope; picture-in-picture; web-share\" allowfullscreen><\/iframe>\n<\/div><\/figure>\n","protected":false},"excerpt":{"rendered":"<p>A forte chuva acompanhada de ventos que atingiu a regi\u00e3o causou estragos em alguns pontos na tarde desta segunda-feira (04). Segundo informa\u00e7\u00f5es do Corpo de Bombeiros, houve destelhamento em algumas resid\u00eancias de Paulo Frontin, que receber\u00e3o o apoio com a coloca\u00e7\u00e3o de lonas. A reportagem do&nbsp;Portal RDX&nbsp;tamb\u00e9m recebeu imagens que mostram a queda de \u00e1rvores [&hellip;]<\/p>\n","protected":false},"author":2,"featured_media":14826,"comment_status":"open","ping_status":"open","sticky":false,"template":"","format":"standard","meta":{"footnotes":""},"categories":[185],"tags":[172],"class_list":["post-14825","post","type-post","status-publish","format-standard","has-post-thumbnail","hentry","category-regional","tag-featured"],"amp_enabled":true,"_links":{"self":[{"href":"https:\/\/radiostudiow.com.br\/site\/wp-json\/wp\/v2\/posts\/14825","targetHints":{"allow":["GET"]}}],"collection":[{"href":"https:\/\/radiostudiow.com.br\/site\/wp-json\/wp\/v2\/posts"}],"about":[{"href":"https:\/\/radiostudiow.com.br\/site\/wp-json\/wp\/v2\/types\/post"}],"author":[{"embeddable":true,"href":"https:\/\/radiostudiow.com.br\/site\/wp-json\/wp\/v2\/users\/2"}],"replies":[{"embeddable":true,"href":"https:\/\/radiostudiow.com.br\/site\/wp-json\/wp\/v2\/comments?post=14825"}],"version-history":[{"count":1,"href":"https:\/\/radiostudiow.com.br\/site\/wp-json\/wp\/v2\/posts\/14825\/revisions"}],"predecessor-version":[{"id":14827,"href":"https:\/\/radiostudiow.com.br\/site\/wp-json\/wp\/v2\/posts\/14825\/revisions\/14827"}],"wp:featuredmedia":[{"embeddable":true,"href":"https:\/\/radiostudiow.com.br\/site\/wp-json\/wp\/v2\/media\/14826"}],"wp:attachment":[{"href":"https:\/\/radiostudiow.com.br\/site\/wp-json\/wp\/v2\/media?parent=14825"}],"wp:term":[{"taxonomy":"category","embeddable":true,"href":"https:\/\/radiostudiow.com.br\/site\/wp-json\/wp\/v2\/categories?post=14825"},{"taxonomy":"post_tag","embeddable":true,"href":"https:\/\/radiostudiow.com.br\/site\/wp-json\/wp\/v2\/tags?post=14825"}],"curies":[{"name":"wp","href":"https:\/\/api.w.org\/{rel}","templated":true}]}}