{"id":14833,"date":"2023-09-04T18:09:28","date_gmt":"2023-09-04T21:09:28","guid":{"rendered":"https:\/\/radiostudiow.com.br\/site\/?p=14833"},"modified":"2025-01-31T15:06:33","modified_gmt":"2025-01-31T18:06:33","slug":"prf-alerta-para-seguranca-nas-rodovias-em-dias-de-neblina","status":"publish","type":"post","link":"https:\/\/radiostudiow.com.br\/site\/2023\/09\/04\/prf-alerta-para-seguranca-nas-rodovias-em-dias-de-neblina\/","title":{"rendered":"PRF alerta para seguran\u00e7a nas rodovias em dias de neblina"},"content":{"rendered":"\n<p>Neste final de semana, a PRF registrou um engavetamento envolvendo v\u00e1rios ve\u00edculos na BR-277, em Balsa Nova (PR). No momento do acidente, chovia e havia forma\u00e7\u00e3o de neblina.<\/p>\n\n\n\n<p>Em locais espec\u00edficos, devido ao clima e a geografia do local, \u00e9 comum que os motoristas encontrem condi\u00e7\u00f5es de baixa visibilidade causadas pela neblina ou cerra\u00e7\u00e3o. Nessas condi\u00e7\u00f5es \u00e9 importante que o motorista adote alguns cuidados extras em rela\u00e7\u00e3o ao seu modo de dirigir no dia a dia.<\/p>\n\n\n\n<figure class=\"wp-block-image size-full\"><img decoding=\"async\" src=\"https:\/\/radiostudiow.com.br\/site\/wp-content\/uploads\/2023\/02\/image-21.png\" alt=\"\" class=\"wp-image-11405\"\/><\/figure>\n\n\n\n<p>Em consulta ao Simepar, a PRF foi informada de que na quarta (6), \u00e0 noite, e na quinta (7), pela manh\u00e3, pode haver redu\u00e7\u00e3o da visibilidade com a possibilidade de nevoeiros na Regi\u00e3o Metropolitana de Curitiba (RMC), especialmente nas regi\u00f5es de serra. Na sexta (8) e no s\u00e1bado (9), segue o quadro de instabilidade, por conta das chuvas, sendo os dias mais cr\u00edticos no estado do Paran\u00e1. E, no domingo (10), permanece a previs\u00e3o de redu\u00e7\u00e3o da visibilidade por conta de chuvas, n\u00e9voas e garoas na RMC.<\/p>\n\n\n\n<p>Em geral, trechos de serra e baixadas est\u00e3o mais sujeitos \u00e0 ocorr\u00eancia de neblina, principalmente nos per\u00edodos de maior incid\u00eancia, no come\u00e7o da manh\u00e3\u00a0e durante a madrugada. Ao perceber os primeiros sinais de neblina o motorista deve reduzir gradualmente a velocidade e manter aceso o farol baixo \u2013 mesmo durante o dia, e se ve\u00edculo estiver equipado com luzes de neblina, acender tamb\u00e9m os far\u00f3is de neblina dianteiros e a luz de neblina traseira \u2013 geralmente esses sistemas acender\u00e3o uma luz de aviso no painel, semelhantes ao farol, sendo na cor verde para os far\u00f3is de neblina e na cor laranja, em sentido oposto, para a lanterna de neblina traseira.<\/p>\n\n\n\n<figure class=\"wp-block-image size-full\"><img decoding=\"async\" src=\"https:\/\/radiostudiow.com.br\/site\/wp-content\/uploads\/2023\/04\/image-12.png\" alt=\"\" class=\"wp-image-12488\"\/><\/figure>\n\n\n\n<p>Nunca, em hip\u00f3tese alguma, deve-se ligar o pisca-alerta com o ve\u00edculo em movimento dentro da neblina \u2013 isso pode confundir outros motoristas e causar acidentes.<\/p>\n\n\n\n<p>Al\u00e9m dos cuidados j\u00e1 citados, a dist\u00e2ncia segura do ve\u00edculo que segue \u00e0 frente \u00e9 a maior aliada da seguran\u00e7a nessas condi\u00e7\u00f5es de visibilidade prejudicada. Caso poss\u00edvel, o motorista deve aumentar a dist\u00e2ncia at\u00e9 ver somente as luzes traseiras do ve\u00edculo \u00e0 frente. Com isso, caso aquele ve\u00edculo precise fazer uma manobra brusca, o motorista que segue atr\u00e1s ter\u00e1 um maior tempo de rea\u00e7\u00e3o e com isso aumenta possibilidade de n\u00e3o se envolver em um acidente ocasionado por uma manobra arriscada.<\/p>\n\n\n\n<p>N\u00e3o menos importante \u00e9 avaliar as condi\u00e7\u00f5es de seguran\u00e7a para seguir viagem: se a neblina estiver densa ao ponto da visibilidade se restringir \u00e0 poucos metros, o motorista deve se orientar pelas faixas laterais da pista e o mais prudente \u00e9 encontrar um local seguro, como postos de abastecimentos, e aguardar as condi\u00e7\u00f5es se tornarem mais favor\u00e1veis.<\/p>\n","protected":false},"excerpt":{"rendered":"<p>Neste final de semana, a PRF registrou um engavetamento envolvendo v\u00e1rios ve\u00edculos na BR-277, em Balsa Nova (PR). No momento do acidente, chovia e havia forma\u00e7\u00e3o de neblina. Em locais espec\u00edficos, devido ao clima e a geografia do local, \u00e9 comum que os motoristas encontrem condi\u00e7\u00f5es de baixa visibilidade causadas pela neblina ou cerra\u00e7\u00e3o. Nessas [&hellip;]<\/p>\n","protected":false},"author":2,"featured_media":14834,"comment_status":"open","ping_status":"open","sticky":false,"template":"","format":"standard","meta":{"footnotes":""},"categories":[184],"tags":[172],"class_list":["post-14833","post","type-post","status-publish","format-standard","has-post-thumbnail","hentry","category-local","tag-featured"],"amp_enabled":true,"_links":{"self":[{"href":"https:\/\/radiostudiow.com.br\/site\/wp-json\/wp\/v2\/posts\/14833","targetHints":{"allow":["GET"]}}],"collection":[{"href":"https:\/\/radiostudiow.com.br\/site\/wp-json\/wp\/v2\/posts"}],"about":[{"href":"https:\/\/radiostudiow.com.br\/site\/wp-json\/wp\/v2\/types\/post"}],"author":[{"embeddable":true,"href":"https:\/\/radiostudiow.com.br\/site\/wp-json\/wp\/v2\/users\/2"}],"replies":[{"embeddable":true,"href":"https:\/\/radiostudiow.com.br\/site\/wp-json\/wp\/v2\/comments?post=14833"}],"version-history":[{"count":1,"href":"https:\/\/radiostudiow.com.br\/site\/wp-json\/wp\/v2\/posts\/14833\/revisions"}],"predecessor-version":[{"id":14835,"href":"https:\/\/radiostudiow.com.br\/site\/wp-json\/wp\/v2\/posts\/14833\/revisions\/14835"}],"wp:featuredmedia":[{"embeddable":true,"href":"https:\/\/radiostudiow.com.br\/site\/wp-json\/wp\/v2\/media\/14834"}],"wp:attachment":[{"href":"https:\/\/radiostudiow.com.br\/site\/wp-json\/wp\/v2\/media?parent=14833"}],"wp:term":[{"taxonomy":"category","embeddable":true,"href":"https:\/\/radiostudiow.com.br\/site\/wp-json\/wp\/v2\/categories?post=14833"},{"taxonomy":"post_tag","embeddable":true,"href":"https:\/\/radiostudiow.com.br\/site\/wp-json\/wp\/v2\/tags?post=14833"}],"curies":[{"name":"wp","href":"https:\/\/api.w.org\/{rel}","templated":true}]}}