{"id":14840,"date":"2023-09-04T19:42:18","date_gmt":"2023-09-04T22:42:18","guid":{"rendered":"https:\/\/radiostudiow.com.br\/site\/?p=14840"},"modified":"2025-01-31T15:06:33","modified_gmt":"2025-01-31T18:06:33","slug":"tempestade-causa-muito-estrago-na-cidade-de-paulo-frontin","status":"publish","type":"post","link":"https:\/\/radiostudiow.com.br\/site\/2023\/09\/04\/tempestade-causa-muito-estrago-na-cidade-de-paulo-frontin\/","title":{"rendered":"TEMPESTADE CAUSA MUITO ESTRAGO NA CIDADE DE PAULO FRONTIN"},"content":{"rendered":"\n<p>Corpo de Bombeiros de S\u00e3o Mateus do Sul, a Pol\u00edcia Rodovi\u00e1ria Federal (PRF) e a equipe da Copel est\u00e3o se deslocando para o munic\u00edpio de Paulo Frontin em uma for\u00e7a-tarefa.<\/p>\n\n\n\n<p>Segundo informa\u00e7\u00f5es repassadas pelos bombeiros, h\u00e1 muitos locais ainda obstru\u00eddos devido \u00e0 gravidade do temporal que atingiu o munic\u00edpio e, dessa forma, as equipes est\u00e3o indo para limpar as vias e realizar a distribui\u00e7\u00e3o de lonas e outros materiais, al\u00e9m de restabelecer a energia em v\u00e1rias localidades.<\/p>\n\n\n\n<figure class=\"wp-block-image size-large\"><img decoding=\"async\" src=\"https:\/\/radiostudiow.com.br\/site\/wp-content\/uploads\/2023\/07\/image-34-1024x387.png\" alt=\"\" class=\"wp-image-13860\"\/><\/figure>\n\n\n\n<p>Uma tempestade com fortes ventos atingiu o munic\u00edpio na tarde desta segunda-feira (04). Segundo moradores, os ventos foram t\u00e3o fortes que as casas balan\u00e7avam. Solange Fariniuk relatou o medo que passou. <em>\u201cEstou sem acreditar, estou tremendo at\u00e9 agora, foi uma ventania. Fiquei com medo do que poderia acontecer. Est\u00e1vamos segurando as portas porque o vento era muito, muito forte\u201d<\/em> Contou a moradora de Paulo Frontin.<\/p>\n\n\n\n<figure class=\"wp-block-gallery has-nested-images columns-default is-cropped wp-block-gallery-1 is-layout-flex wp-block-gallery-is-layout-flex\">\n<figure class=\"wp-block-image size-large\"><img loading=\"lazy\" decoding=\"async\" width=\"765\" height=\"1024\" data-id=\"14845\" src=\"https:\/\/radiostudiow.com.br\/site\/wp-content\/uploads\/2023\/09\/375065163_6553797308068789_2884851908214149135_n-765x1024.jpg\" alt=\"\" class=\"wp-image-14845\" srcset=\"https:\/\/radiostudiow.com.br\/site\/wp-content\/uploads\/2023\/09\/375065163_6553797308068789_2884851908214149135_n-765x1024.jpg 765w, https:\/\/radiostudiow.com.br\/site\/wp-content\/uploads\/2023\/09\/375065163_6553797308068789_2884851908214149135_n-224x300.jpg 224w, https:\/\/radiostudiow.com.br\/site\/wp-content\/uploads\/2023\/09\/375065163_6553797308068789_2884851908214149135_n-768x1028.jpg 768w, https:\/\/radiostudiow.com.br\/site\/wp-content\/uploads\/2023\/09\/375065163_6553797308068789_2884851908214149135_n.jpg 1080w\" sizes=\"auto, (max-width: 765px) 100vw, 765px\" \/><\/figure>\n\n\n\n<figure class=\"wp-block-image size-large\"><img decoding=\"async\" data-id=\"14843\" src=\"https:\/\/radiostudiow.com.br\/site\/wp-content\/uploads\/2023\/09\/375170765_6553953541386499_4758953998431547922_n-1-576x1024.jpg\" alt=\"\" class=\"wp-image-14843\"\/><\/figure>\n\n\n\n<figure class=\"wp-block-image size-large\"><img decoding=\"async\" data-id=\"14844\" src=\"https:\/\/radiostudiow.com.br\/site\/wp-content\/uploads\/2023\/09\/375267974_6553953358053184_6038039981419593361_n-765x1024.jpg\" alt=\"\" class=\"wp-image-14844\"\/><\/figure>\n<\/figure>\n\n\n\n<p><em>FONTE: Cultura Sul FM<\/em><\/p>\n","protected":false},"excerpt":{"rendered":"<p>Corpo de Bombeiros de S\u00e3o Mateus do Sul, a Pol\u00edcia Rodovi\u00e1ria Federal (PRF) e a equipe da Copel est\u00e3o se deslocando para o munic\u00edpio de Paulo Frontin em uma for\u00e7a-tarefa. Segundo informa\u00e7\u00f5es repassadas pelos bombeiros, h\u00e1 muitos locais ainda obstru\u00eddos devido \u00e0 gravidade do temporal que atingiu o munic\u00edpio e, dessa forma, as equipes est\u00e3o [&hellip;]<\/p>\n","protected":false},"author":2,"featured_media":14842,"comment_status":"open","ping_status":"open","sticky":false,"template":"","format":"standard","meta":{"footnotes":""},"categories":[185],"tags":[172],"class_list":["post-14840","post","type-post","status-publish","format-standard","has-post-thumbnail","hentry","category-regional","tag-featured"],"amp_enabled":true,"_links":{"self":[{"href":"https:\/\/radiostudiow.com.br\/site\/wp-json\/wp\/v2\/posts\/14840","targetHints":{"allow":["GET"]}}],"collection":[{"href":"https:\/\/radiostudiow.com.br\/site\/wp-json\/wp\/v2\/posts"}],"about":[{"href":"https:\/\/radiostudiow.com.br\/site\/wp-json\/wp\/v2\/types\/post"}],"author":[{"embeddable":true,"href":"https:\/\/radiostudiow.com.br\/site\/wp-json\/wp\/v2\/users\/2"}],"replies":[{"embeddable":true,"href":"https:\/\/radiostudiow.com.br\/site\/wp-json\/wp\/v2\/comments?post=14840"}],"version-history":[{"count":1,"href":"https:\/\/radiostudiow.com.br\/site\/wp-json\/wp\/v2\/posts\/14840\/revisions"}],"predecessor-version":[{"id":14846,"href":"https:\/\/radiostudiow.com.br\/site\/wp-json\/wp\/v2\/posts\/14840\/revisions\/14846"}],"wp:featuredmedia":[{"embeddable":true,"href":"https:\/\/radiostudiow.com.br\/site\/wp-json\/wp\/v2\/media\/14842"}],"wp:attachment":[{"href":"https:\/\/radiostudiow.com.br\/site\/wp-json\/wp\/v2\/media?parent=14840"}],"wp:term":[{"taxonomy":"category","embeddable":true,"href":"https:\/\/radiostudiow.com.br\/site\/wp-json\/wp\/v2\/categories?post=14840"},{"taxonomy":"post_tag","embeddable":true,"href":"https:\/\/radiostudiow.com.br\/site\/wp-json\/wp\/v2\/tags?post=14840"}],"curies":[{"name":"wp","href":"https:\/\/api.w.org\/{rel}","templated":true}]}}