{"id":14855,"date":"2023-09-05T17:30:38","date_gmt":"2023-09-05T20:30:38","guid":{"rendered":"https:\/\/radiostudiow.com.br\/site\/?p=14855"},"modified":"2025-01-31T15:06:32","modified_gmt":"2025-01-31T18:06:32","slug":"bombeiros-comunitarios-de-mallet-atendem-queda-de-arvores-pela-regiao-apos-tempestade","status":"publish","type":"post","link":"https:\/\/radiostudiow.com.br\/site\/2023\/09\/05\/bombeiros-comunitarios-de-mallet-atendem-queda-de-arvores-pela-regiao-apos-tempestade\/","title":{"rendered":"BOMBEIROS COMUNIT\u00c1RIOS DE MALLET ATENDEM QUEDA DE \u00c1RVORES PELA REGI\u00c3O AP\u00d3S TEMPESTADE"},"content":{"rendered":"\n<figure class=\"wp-block-image size-full\"><img decoding=\"async\" src=\"https:\/\/radiostudiow.com.br\/site\/wp-content\/uploads\/2023\/05\/image-2.png\" alt=\"\" class=\"wp-image-12867\"\/><\/figure>\n\n\n\n<p>A tempestade que ocorreu por volta das 13:19 horas dessa segunda-feira, 04 de setembro, resultou em danos pela regi\u00e3o onde a equipe do Corpo de Bombeiros Comunit\u00e1rios de Mallet.<\/p>\n\n\n\n<p>A equipe de socorristas atenderam uma queda de \u00e1rvore na BR-153, localidade da Col\u00f4nia 3, igual nas imagens e outra em Dorizon.<\/p>\n\n\n\n<p>Em seguida os bombeiros comunit\u00e1rios amentaram at\u00e9 os limites de Mallet com Paulo Frontin para averigua\u00e7\u00e3o de poss\u00edveis intemp\u00e9ries causado devido a chuva e os fortes ventos.<\/p>\n\n\n\n<figure class=\"wp-block-image size-large\"><img loading=\"lazy\" decoding=\"async\" width=\"576\" height=\"1024\" src=\"https:\/\/radiostudiow.com.br\/site\/wp-content\/uploads\/2023\/09\/image-5-576x1024.png\" alt=\"\" class=\"wp-image-14857\" srcset=\"https:\/\/radiostudiow.com.br\/site\/wp-content\/uploads\/2023\/09\/image-5-576x1024.png 576w, https:\/\/radiostudiow.com.br\/site\/wp-content\/uploads\/2023\/09\/image-5-169x300.png 169w, https:\/\/radiostudiow.com.br\/site\/wp-content\/uploads\/2023\/09\/image-5.png 720w\" sizes=\"auto, (max-width: 576px) 100vw, 576px\" \/><\/figure>\n","protected":false},"excerpt":{"rendered":"<p>A tempestade que ocorreu por volta das 13:19 horas dessa segunda-feira, 04 de setembro, resultou em danos pela regi\u00e3o onde a equipe do Corpo de Bombeiros Comunit\u00e1rios de Mallet. A equipe de socorristas atenderam uma queda de \u00e1rvore na BR-153, localidade da Col\u00f4nia 3, igual nas imagens e outra em Dorizon. Em seguida os bombeiros [&hellip;]<\/p>\n","protected":false},"author":2,"featured_media":14856,"comment_status":"open","ping_status":"open","sticky":false,"template":"","format":"standard","meta":{"footnotes":""},"categories":[184],"tags":[172],"class_list":["post-14855","post","type-post","status-publish","format-standard","has-post-thumbnail","hentry","category-local","tag-featured"],"amp_enabled":true,"_links":{"self":[{"href":"https:\/\/radiostudiow.com.br\/site\/wp-json\/wp\/v2\/posts\/14855","targetHints":{"allow":["GET"]}}],"collection":[{"href":"https:\/\/radiostudiow.com.br\/site\/wp-json\/wp\/v2\/posts"}],"about":[{"href":"https:\/\/radiostudiow.com.br\/site\/wp-json\/wp\/v2\/types\/post"}],"author":[{"embeddable":true,"href":"https:\/\/radiostudiow.com.br\/site\/wp-json\/wp\/v2\/users\/2"}],"replies":[{"embeddable":true,"href":"https:\/\/radiostudiow.com.br\/site\/wp-json\/wp\/v2\/comments?post=14855"}],"version-history":[{"count":2,"href":"https:\/\/radiostudiow.com.br\/site\/wp-json\/wp\/v2\/posts\/14855\/revisions"}],"predecessor-version":[{"id":14865,"href":"https:\/\/radiostudiow.com.br\/site\/wp-json\/wp\/v2\/posts\/14855\/revisions\/14865"}],"wp:featuredmedia":[{"embeddable":true,"href":"https:\/\/radiostudiow.com.br\/site\/wp-json\/wp\/v2\/media\/14856"}],"wp:attachment":[{"href":"https:\/\/radiostudiow.com.br\/site\/wp-json\/wp\/v2\/media?parent=14855"}],"wp:term":[{"taxonomy":"category","embeddable":true,"href":"https:\/\/radiostudiow.com.br\/site\/wp-json\/wp\/v2\/categories?post=14855"},{"taxonomy":"post_tag","embeddable":true,"href":"https:\/\/radiostudiow.com.br\/site\/wp-json\/wp\/v2\/tags?post=14855"}],"curies":[{"name":"wp","href":"https:\/\/api.w.org\/{rel}","templated":true}]}}