{"id":14866,"date":"2023-09-05T18:14:09","date_gmt":"2023-09-05T21:14:09","guid":{"rendered":"https:\/\/radiostudiow.com.br\/site\/?p=14866"},"modified":"2025-01-31T15:06:32","modified_gmt":"2025-01-31T18:06:32","slug":"homem-comete-suicidio-em-porto-vitoria","status":"publish","type":"post","link":"https:\/\/radiostudiow.com.br\/site\/2023\/09\/05\/homem-comete-suicidio-em-porto-vitoria\/","title":{"rendered":"Homem comete suic\u00eddio em Porto Vit\u00f3ria"},"content":{"rendered":"\n<p>O Instituto M\u00e9dico Legal \u2013 IML de Uni\u00e3o da Vit\u00f3ria foi acionado para recolher o corpo de mais uma v\u00edtima de suic\u00eddio por volta das 13:30 horas dessa ter\u00e7a-feira (05).<a rel=\"noreferrer noopener\" href=\"https:\/\/www.facebook.com\/sharer.php?u=https%3A%2F%2Fcanal4.tv.br%2F2023%2F09%2F05%2Fplantao-homem-comete-suicidio-em-porto-vitoria%2F%3Ffbclid%3DIwAR2VVUfJwaZh4QxNJtIIjQObGkE6xR2k-nuz_gWsRhLmOzpZ1uVA6OuNMw0\" target=\"_blank\"><\/a><\/p>\n\n\n\n<p>De acordo com as primeiras informa\u00e7\u00f5es apuradas pela reportagem do Canal 4 TV, um homem que teve o nome preservado, atentou contra a pr\u00f3pria vida, sendo encontrado morto por enforcamento no munic\u00edpio de Porto Vit\u00f3ria. A Pol\u00edcia Militar tamb\u00e9m foi acionada para atender a situa\u00e7\u00e3o e isolou a \u00e1rea at\u00e9 a chegada do IML.<\/p>\n\n\n\n<figure class=\"wp-block-image size-full\"><img decoding=\"async\" src=\"https:\/\/radiostudiow.com.br\/site\/wp-content\/uploads\/2023\/04\/image-12.png\" alt=\"\" class=\"wp-image-12488\"\/><\/figure>\n\n\n\n<p><strong>Neste m\u00eas de setembro est\u00e1 acontecendo uma importante a\u00e7\u00e3o de conscientiza\u00e7\u00e3o e preven\u00e7\u00e3o do suic\u00eddio no Paran\u00e1: o Setembro Amarelo. A campanha tem objetivo de debater sobre o tema, a fim de diminuir o estigma e chegar mais perto das pessoas que necessitam de ajuda. Durante o m\u00eas, v\u00e1rias a\u00e7\u00f5es ser\u00e3o intensificadas no Estado, com campanhas informativas e capacita\u00e7\u00f5es.<\/strong><\/p>\n\n\n\n<p><em>Segundo dados da Organiza\u00e7\u00e3o Mundial de Sa\u00fade (OMS), todos os anos, mais pessoas morrem como resultado de suic\u00eddio do que HIV, mal\u00e1ria ou c\u00e2ncer de mama.<\/em><\/p>\n\n\n\n<figure class=\"wp-block-image size-large\"><img loading=\"lazy\" decoding=\"async\" width=\"1024\" height=\"1024\" src=\"https:\/\/radiostudiow.com.br\/site\/wp-content\/uploads\/2023\/09\/374507939_706664578169516_1046703176244634773_n-1024x1024.jpg\" alt=\"\" class=\"wp-image-14789\" srcset=\"https:\/\/radiostudiow.com.br\/site\/wp-content\/uploads\/2023\/09\/374507939_706664578169516_1046703176244634773_n-1024x1024.jpg 1024w, https:\/\/radiostudiow.com.br\/site\/wp-content\/uploads\/2023\/09\/374507939_706664578169516_1046703176244634773_n-300x300.jpg 300w, https:\/\/radiostudiow.com.br\/site\/wp-content\/uploads\/2023\/09\/374507939_706664578169516_1046703176244634773_n-768x768.jpg 768w, https:\/\/radiostudiow.com.br\/site\/wp-content\/uploads\/2023\/09\/374507939_706664578169516_1046703176244634773_n-80x80.jpg 80w, https:\/\/radiostudiow.com.br\/site\/wp-content\/uploads\/2023\/09\/374507939_706664578169516_1046703176244634773_n.jpg 1080w\" sizes=\"auto, (max-width: 1024px) 100vw, 1024px\" \/><\/figure>\n\n\n\n<p><a rel=\"noreferrer noopener\" href=\"https:\/\/web.whatsapp.com\/send?text=PLANT%C3%83O%3A%20homem%20comete%20suic%C3%ADdio%20em%20Porto%20Vit%C3%B3ria%20%E2%98%9B%20https%3A%2F%2Fcanal4.tv.br%2F2023%2F09%2F05%2Fplantao-homem-comete-suicidio-em-porto-vitoria%2F%3Ffbclid%3DIwAR2VVUfJwaZh4QxNJtIIjQObGkE6xR2k-nuz_gWsRhLmOzpZ1uVA6OuNMw0\" target=\"_blank\"><\/a><\/p>\n\n\n\n<p>Setembro Amarelo \u00e9 o m\u00eas de conscientiza\u00e7\u00e3o sobre a preven\u00e7\u00e3o ao suic\u00eddio. \u00c9 importante ficarmos atentos aos sinais de que algu\u00e9m pode estar precisando de ajuda.&nbsp;<img loading=\"lazy\" decoding=\"async\" height=\"16\" width=\"16\" alt=\"\ud83d\udc9b\" src=\"https:\/\/static.xx.fbcdn.net\/images\/emoji.php\/v9\/t15\/1\/16\/1f49b.png\"><br>.<br>Entre os sinais poss\u00edveis est\u00e3o:<br>\u2013 Falta de esperan\u00e7a no futuro;<br>\u2013 Isolamento;<br>\u2013 Falar de suic\u00eddio;<br>\u2013 Despedidas;<br>\u2013 Mudan\u00e7as de h\u00e1bitos;<br>\u2013 Falta de autoestima.<br>.<br><img loading=\"lazy\" decoding=\"async\" height=\"16\" width=\"16\" alt=\"\u27a1\ufe0f\" src=\"https:\/\/static.xx.fbcdn.net\/images\/emoji.php\/v9\/t9e\/1\/16\/27a1.png\">&nbsp;Se voc\u00ea conhece algu\u00e9m que est\u00e1 passando por um momento dif\u00edcil, ofere\u00e7a seu apoio. Escute com aten\u00e7\u00e3o, esteja presente e deixe claro que voc\u00ea se importa.&nbsp;<\/p>\n\n\n\n<p><a href=\"javascript:void(0);\"><\/a><\/p>\n","protected":false},"excerpt":{"rendered":"<p>O Instituto M\u00e9dico Legal \u2013 IML de Uni\u00e3o da Vit\u00f3ria foi acionado para recolher o corpo de mais uma v\u00edtima de suic\u00eddio por volta das 13:30 horas dessa ter\u00e7a-feira (05). De acordo com as primeiras informa\u00e7\u00f5es apuradas pela reportagem do Canal 4 TV, um homem que teve o nome preservado, atentou contra a pr\u00f3pria vida, [&hellip;]<\/p>\n","protected":false},"author":2,"featured_media":7526,"comment_status":"open","ping_status":"open","sticky":false,"template":"","format":"standard","meta":{"footnotes":""},"categories":[185],"tags":[172],"class_list":["post-14866","post","type-post","status-publish","format-standard","has-post-thumbnail","hentry","category-regional","tag-featured"],"amp_enabled":true,"_links":{"self":[{"href":"https:\/\/radiostudiow.com.br\/site\/wp-json\/wp\/v2\/posts\/14866","targetHints":{"allow":["GET"]}}],"collection":[{"href":"https:\/\/radiostudiow.com.br\/site\/wp-json\/wp\/v2\/posts"}],"about":[{"href":"https:\/\/radiostudiow.com.br\/site\/wp-json\/wp\/v2\/types\/post"}],"author":[{"embeddable":true,"href":"https:\/\/radiostudiow.com.br\/site\/wp-json\/wp\/v2\/users\/2"}],"replies":[{"embeddable":true,"href":"https:\/\/radiostudiow.com.br\/site\/wp-json\/wp\/v2\/comments?post=14866"}],"version-history":[{"count":1,"href":"https:\/\/radiostudiow.com.br\/site\/wp-json\/wp\/v2\/posts\/14866\/revisions"}],"predecessor-version":[{"id":14867,"href":"https:\/\/radiostudiow.com.br\/site\/wp-json\/wp\/v2\/posts\/14866\/revisions\/14867"}],"wp:featuredmedia":[{"embeddable":true,"href":"https:\/\/radiostudiow.com.br\/site\/wp-json\/wp\/v2\/media\/7526"}],"wp:attachment":[{"href":"https:\/\/radiostudiow.com.br\/site\/wp-json\/wp\/v2\/media?parent=14866"}],"wp:term":[{"taxonomy":"category","embeddable":true,"href":"https:\/\/radiostudiow.com.br\/site\/wp-json\/wp\/v2\/categories?post=14866"},{"taxonomy":"post_tag","embeddable":true,"href":"https:\/\/radiostudiow.com.br\/site\/wp-json\/wp\/v2\/tags?post=14866"}],"curies":[{"name":"wp","href":"https:\/\/api.w.org\/{rel}","templated":true}]}}