{"id":14873,"date":"2023-09-05T21:09:55","date_gmt":"2023-09-06T00:09:55","guid":{"rendered":"https:\/\/radiostudiow.com.br\/site\/?p=14873"},"modified":"2025-01-31T15:06:32","modified_gmt":"2025-01-31T18:06:32","slug":"jovem-malletense-de-apenas-17-anos-morre-apos-sofrer-um-acidente-de-trabalho","status":"publish","type":"post","link":"https:\/\/radiostudiow.com.br\/site\/2023\/09\/05\/jovem-malletense-de-apenas-17-anos-morre-apos-sofrer-um-acidente-de-trabalho\/","title":{"rendered":"JOVEM MALLETENSE DE APENAS 17 ANOS MORRE AP\u00d3S SOFRER UM ACIDENTE DE TRABALHO"},"content":{"rendered":"\n<p>No fim da tarde desta ter\u00e7a-feira dia 5 de setembro,&nbsp; um acidente no trabalho acabou tirando a vida de um adolescente de apenas 17 anos.<\/p>\n\n\n\n<p>De acordo com informa\u00e7\u00f5es dos Bombeiros Comunit\u00e1rios, eles foram acionados por uma pessoa que estava pedindo por socorro no quartel dos bombeiros comunit\u00e1rios.<\/p>\n\n\n\n<figure class=\"wp-block-image size-full\"><img decoding=\"async\" src=\"https:\/\/radiostudiow.com.br\/site\/wp-content\/uploads\/2023\/05\/image-2.png\" alt=\"\" class=\"wp-image-12867\"\/><\/figure>\n\n\n\n<p>De imediato a equipe se deslocou com o caminh\u00e3o at\u00e9 uma Serraria localizada pr\u00f3ximo ao trevo secund\u00e1rio\u00a0de Mallet, sa\u00edda para Dorizon e acionou a ambul\u00e2ncia de plant\u00e3o, mas no meio do caminho se depararam\u00a0 com um outro ve\u00edculo avisando que estavam levando a v\u00edtima para o Hospital S\u00e3o Pedro.<\/p>\n\n\n\n<p>Segundo relatos, infelizmente Ramon Komer j\u00e1 teria chegado sem vida.<\/p>\n\n\n\n<p>\u00a0As primeiras informa\u00e7\u00f5es s\u00e3o de que o jovem estava trabalhando e uma das correias havia prensado a v\u00edtima.<\/p>\n\n\n\n<figure class=\"wp-block-image size-large\"><img decoding=\"async\" src=\"https:\/\/radiostudiow.com.br\/site\/wp-content\/uploads\/2023\/08\/364006326_686744726826453_3740232185422345251_n-1024x390.png\" alt=\"\" class=\"wp-image-14090\"\/><\/figure>\n\n\n\n<p>&nbsp;O IML (Instituto M\u00e9dico Legal) da cidade Uni\u00e3o da Vit\u00f3ria foi acionada para&nbsp; recolher o corpo e junto com a Pol\u00edcia Cient\u00edfica, realizar\u00e3o as investiga\u00e7\u00f5es para apurar as causas do acidente.<\/p>\n\n\n\n<p>Ramon era aluno do 1\u00ba ano da noite do Col\u00e9gio Estadual Professor Dario Veloso, a qual cancelou as aulas em luto pela perda do seu aluno.<\/p>\n","protected":false},"excerpt":{"rendered":"<p>No fim da tarde desta ter\u00e7a-feira dia 5 de setembro,&nbsp; um acidente no trabalho acabou tirando a vida de um adolescente de apenas 17 anos. De acordo com informa\u00e7\u00f5es dos Bombeiros Comunit\u00e1rios, eles foram acionados por uma pessoa que estava pedindo por socorro no quartel dos bombeiros comunit\u00e1rios. De imediato a equipe se deslocou com [&hellip;]<\/p>\n","protected":false},"author":2,"featured_media":14874,"comment_status":"open","ping_status":"open","sticky":false,"template":"","format":"standard","meta":{"footnotes":""},"categories":[184],"tags":[172],"class_list":["post-14873","post","type-post","status-publish","format-standard","has-post-thumbnail","hentry","category-local","tag-featured"],"amp_enabled":true,"_links":{"self":[{"href":"https:\/\/radiostudiow.com.br\/site\/wp-json\/wp\/v2\/posts\/14873","targetHints":{"allow":["GET"]}}],"collection":[{"href":"https:\/\/radiostudiow.com.br\/site\/wp-json\/wp\/v2\/posts"}],"about":[{"href":"https:\/\/radiostudiow.com.br\/site\/wp-json\/wp\/v2\/types\/post"}],"author":[{"embeddable":true,"href":"https:\/\/radiostudiow.com.br\/site\/wp-json\/wp\/v2\/users\/2"}],"replies":[{"embeddable":true,"href":"https:\/\/radiostudiow.com.br\/site\/wp-json\/wp\/v2\/comments?post=14873"}],"version-history":[{"count":1,"href":"https:\/\/radiostudiow.com.br\/site\/wp-json\/wp\/v2\/posts\/14873\/revisions"}],"predecessor-version":[{"id":14875,"href":"https:\/\/radiostudiow.com.br\/site\/wp-json\/wp\/v2\/posts\/14873\/revisions\/14875"}],"wp:featuredmedia":[{"embeddable":true,"href":"https:\/\/radiostudiow.com.br\/site\/wp-json\/wp\/v2\/media\/14874"}],"wp:attachment":[{"href":"https:\/\/radiostudiow.com.br\/site\/wp-json\/wp\/v2\/media?parent=14873"}],"wp:term":[{"taxonomy":"category","embeddable":true,"href":"https:\/\/radiostudiow.com.br\/site\/wp-json\/wp\/v2\/categories?post=14873"},{"taxonomy":"post_tag","embeddable":true,"href":"https:\/\/radiostudiow.com.br\/site\/wp-json\/wp\/v2\/tags?post=14873"}],"curies":[{"name":"wp","href":"https:\/\/api.w.org\/{rel}","templated":true}]}}