{"id":14880,"date":"2023-09-06T14:45:43","date_gmt":"2023-09-06T17:45:43","guid":{"rendered":"https:\/\/radiostudiow.com.br\/site\/?p=14880"},"modified":"2025-01-31T15:06:32","modified_gmt":"2025-01-31T18:06:32","slug":"produtos-estao-comecando-a-estragar-diz-confeiteira-que-esta-sem-luz-ha-quase-48-horas-em-paulo-frontin","status":"publish","type":"post","link":"https:\/\/radiostudiow.com.br\/site\/2023\/09\/06\/produtos-estao-comecando-a-estragar-diz-confeiteira-que-esta-sem-luz-ha-quase-48-horas-em-paulo-frontin\/","title":{"rendered":"\u201cProdutos est\u00e3o come\u00e7ando a estragar\u201d, diz confeiteira que est\u00e1 sem luz h\u00e1 quase 48 horas em Paulo Frontin"},"content":{"rendered":"\n<p>Ap\u00f3s passar um susto na tarde da \u00faltima segunda-feira (4),\u00a0por conta do forte temporal que causou estragos na regi\u00e3o com a destrui\u00e7\u00e3o de uma estufa e pinheiros centen\u00e1rios, a confeiteira Solange Fariniuk, da comunidade de Vicinal 4 em Paulo Frontin, agora enfrenta outro problema:\u00a0<strong>a falta de energia el\u00e9trica<\/strong>.<\/p>\n\n\n\n<figure class=\"wp-block-image size-large\"><img decoding=\"async\" src=\"https:\/\/radiostudiow.com.br\/site\/wp-content\/uploads\/2023\/05\/image-8-1024x392.png\" alt=\"\" class=\"wp-image-12937\"\/><\/figure>\n\n\n\n<p>Em uma publica\u00e7\u00e3o nas redes sociais, a jovem de 22 anos, que \u00e9\u00a0<a rel=\"noreferrer noopener\" href=\"https:\/\/www.instagram.com\/delicias.da.sool\/?igshid=MzRlODBiNWFlZA%3D%3D\" target=\"_blank\">conhecida nas redes sociais pela fabrica\u00e7\u00e3o de bolos<\/a>,\u00a0<strong>disse estar sem luz h\u00e1 quase 48 horas, causando transtorno na conserva\u00e7\u00e3o dos produtos utilizados na confec\u00e7\u00e3o, como leite, queijo e nata<\/strong>.<\/p>\n\n\n\n<p>Em entrevista ao\u00a0<strong>Portal RDX<\/strong>, ela contou que a energia el\u00e9trica caiu por volta de 13h30 de segunda-feira (4), chegou a retornar em meia fase por volta de 18h30 desta ter\u00e7a-feira (5), mas \u00e0s 23h acabou caindo novamente. Para se comunicar com a reportagem da\u00a0<strong>RDX<\/strong>, ela teve que se deslocar at\u00e9 o Centro de Paulo Frontin, onde conseguiu sinal de celular e energia el\u00e9trica para carregar o aparelho celular.<\/p>\n\n\n\n<blockquote class=\"wp-block-quote is-layout-flow wp-block-quote-is-layout-flow\">\n<p>\u201cEstamos muito preocupados, pois em nossas geladeiras temos carne, queijo, leite, nata e que est\u00e3o se mantendo, mas que se n\u00e3o retornar [a energia el\u00e9trica] logo, v\u00e3o come\u00e7ar a estragar\u201d, disse.<\/p>\n<\/blockquote>\n\n\n\n<p>Al\u00e9m da falta de luz, outro problema que os moradores tem enfrentado s\u00e3o os fios que se desprenderam dos postes por conta do vento, o que p\u00f5e em risco a popula\u00e7\u00e3o e tamb\u00e9m animais que est\u00e3o soltos em potreiros.<\/p>\n\n\n\n<figure class=\"wp-block-image size-full\"><img decoding=\"async\" src=\"https:\/\/radiostudiow.com.br\/site\/wp-content\/uploads\/2023\/08\/image-127.png\" alt=\"\" class=\"wp-image-14660\"\/><\/figure>\n\n\n\n<h2 class=\"wp-block-heading\">Forte temporal causou estragos na regi\u00e3o<\/h2>\n\n\n\n<p>O temporal que atingiu a regi\u00e3o na \u00faltima segunda-feira (4), deixou um rastro de estragos pela regi\u00e3o, como destelhamentos em resid\u00eancias, queda de \u00e1rvores e galhos na BR-476, entre a regi\u00e3o do Distrito de Fluvi\u00f3polis, em S\u00e3o Mateus do Sul e Limoeiro, em Paulo Frontin.<\/p>\n\n\n\n<figure class=\"wp-block-image size-full\"><img decoding=\"async\" src=\"https:\/\/radiostudiow.com.br\/site\/wp-content\/uploads\/2023\/09\/image-11.png\" alt=\"\" class=\"wp-image-14885\"\/><\/figure>\n\n\n\n<figure class=\"wp-block-image size-full\"><img loading=\"lazy\" decoding=\"async\" width=\"766\" height=\"1024\" src=\"https:\/\/radiostudiow.com.br\/site\/wp-content\/uploads\/2023\/09\/image-7.png\" alt=\"\" class=\"wp-image-14881\" srcset=\"https:\/\/radiostudiow.com.br\/site\/wp-content\/uploads\/2023\/09\/image-7.png 766w, https:\/\/radiostudiow.com.br\/site\/wp-content\/uploads\/2023\/09\/image-7-224x300.png 224w\" sizes=\"auto, (max-width: 766px) 100vw, 766px\" \/><\/figure>\n\n\n\n<h2 class=\"wp-block-heading\">O que diz a Copel<\/h2>\n\n\n\n<p>A reportagem do\u00a0<strong>Portal RDX<\/strong>\u00a0procurou a Copel, repassando o problema, que afirmou estar ciente da falta de energia el\u00e9trica em algumas localidade de Paulo Frontin, e que equipes est\u00e3o a campo tentando restabelecer o retorno da energia el\u00e9trica, o mais breve poss\u00edvel.<\/p>\n\n\n\n<figure class=\"wp-block-image size-full\"><img loading=\"lazy\" decoding=\"async\" width=\"766\" height=\"1024\" src=\"https:\/\/radiostudiow.com.br\/site\/wp-content\/uploads\/2023\/09\/image-9.png\" alt=\"\" class=\"wp-image-14883\" srcset=\"https:\/\/radiostudiow.com.br\/site\/wp-content\/uploads\/2023\/09\/image-9.png 766w, https:\/\/radiostudiow.com.br\/site\/wp-content\/uploads\/2023\/09\/image-9-224x300.png 224w\" sizes=\"auto, (max-width: 766px) 100vw, 766px\" \/><\/figure>\n","protected":false},"excerpt":{"rendered":"<p>Ap\u00f3s passar um susto na tarde da \u00faltima segunda-feira (4),\u00a0por conta do forte temporal que causou estragos na regi\u00e3o com a destrui\u00e7\u00e3o de uma estufa e pinheiros centen\u00e1rios, a confeiteira Solange Fariniuk, da comunidade de Vicinal 4 em Paulo Frontin, agora enfrenta outro problema:\u00a0a falta de energia el\u00e9trica. Em uma publica\u00e7\u00e3o nas redes sociais, a [&hellip;]<\/p>\n","protected":false},"author":2,"featured_media":14886,"comment_status":"open","ping_status":"open","sticky":false,"template":"","format":"standard","meta":{"footnotes":""},"categories":[185],"tags":[172],"class_list":["post-14880","post","type-post","status-publish","format-standard","has-post-thumbnail","hentry","category-regional","tag-featured"],"amp_enabled":true,"_links":{"self":[{"href":"https:\/\/radiostudiow.com.br\/site\/wp-json\/wp\/v2\/posts\/14880","targetHints":{"allow":["GET"]}}],"collection":[{"href":"https:\/\/radiostudiow.com.br\/site\/wp-json\/wp\/v2\/posts"}],"about":[{"href":"https:\/\/radiostudiow.com.br\/site\/wp-json\/wp\/v2\/types\/post"}],"author":[{"embeddable":true,"href":"https:\/\/radiostudiow.com.br\/site\/wp-json\/wp\/v2\/users\/2"}],"replies":[{"embeddable":true,"href":"https:\/\/radiostudiow.com.br\/site\/wp-json\/wp\/v2\/comments?post=14880"}],"version-history":[{"count":2,"href":"https:\/\/radiostudiow.com.br\/site\/wp-json\/wp\/v2\/posts\/14880\/revisions"}],"predecessor-version":[{"id":14888,"href":"https:\/\/radiostudiow.com.br\/site\/wp-json\/wp\/v2\/posts\/14880\/revisions\/14888"}],"wp:featuredmedia":[{"embeddable":true,"href":"https:\/\/radiostudiow.com.br\/site\/wp-json\/wp\/v2\/media\/14886"}],"wp:attachment":[{"href":"https:\/\/radiostudiow.com.br\/site\/wp-json\/wp\/v2\/media?parent=14880"}],"wp:term":[{"taxonomy":"category","embeddable":true,"href":"https:\/\/radiostudiow.com.br\/site\/wp-json\/wp\/v2\/categories?post=14880"},{"taxonomy":"post_tag","embeddable":true,"href":"https:\/\/radiostudiow.com.br\/site\/wp-json\/wp\/v2\/tags?post=14880"}],"curies":[{"name":"wp","href":"https:\/\/api.w.org\/{rel}","templated":true}]}}