{"id":1492,"date":"2021-04-17T10:48:58","date_gmt":"2021-04-17T13:48:58","guid":{"rendered":"https:\/\/radiostudiow.com.br\/site\/?p=1492"},"modified":"2025-01-15T09:44:39","modified_gmt":"2025-01-15T12:44:39","slug":"urgente-morre-o-chefe-do-detran-alceu-de-paula-vitima-da-covid-19","status":"publish","type":"post","link":"https:\/\/radiostudiow.com.br\/site\/2021\/04\/17\/urgente-morre-o-chefe-do-detran-alceu-de-paula-vitima-da-covid-19\/","title":{"rendered":"URGENTE! MORRE O CHEFE DO DETRAN, ALCEU DE PAULA, V\u00cdTIMA DA COVID-19"},"content":{"rendered":"\n<p>O chefe do escrit\u00f3rio regional do Detran, Alceu de Paula, \u00e9 mais uma v\u00edtima da Covid &#8211; 19.<\/p>\n\n\n\n<p>A informa\u00e7\u00e3o foi confirmada por pessoas pr\u00f3ximas e inclusive, pelo amigo de Alceu, o deputado Hussein Bakri, atrav\u00e9s de grupos de WhatsApp.<\/p>\n\n\n\n<figure class=\"wp-block-image size-large\"><img decoding=\"async\" src=\"https:\/\/radiostudiow.com.br\/site\/wp-content\/uploads\/2021\/02\/SEPAC.jpg\" alt=\"\" class=\"wp-image-668\"\/><\/figure>\n\n\n\n<p>Alceu tinha 57 anos e estava na UTI do hospital S\u00e3o Camilo (Regional), desde o dia 23 de mar\u00e7o, tratando a Covid-19. At\u00e9 o momento, n\u00e3o h\u00e1 informa\u00e7\u00f5es sobre vel\u00f3rio e sepultamento.<\/p>\n\n\n\n<p class=\"has-text-color\" style=\"color:#444\">Fonte\/Foto: <a rel=\"noreferrer noopener\" href=\"https:\/\/canal4.tv.br\/\" data-type=\"URL\" data-id=\"https:\/\/canal4.tv.br\/\" target=\"_blank\">Canal 4<\/a><\/p>\n\n\n\n<p><em>Os coment\u00e1rios s\u00e3o de responsabilidade exclusiva de seus autores e n\u00e3o representam a opini\u00e3o desta p\u00e1gina.<\/em><\/p>\n\n\n\n<figure class=\"wp-block-image size-large\"><img decoding=\"async\" src=\"https:\/\/radiostudiow.com.br\/site\/wp-content\/uploads\/2021\/03\/animacao-600a-1024x172.gif\" alt=\"\" class=\"wp-image-787\"\/><\/figure>\n","protected":false},"excerpt":{"rendered":"<p>O chefe do escrit\u00f3rio regional do Detran, Alceu de Paula, \u00e9 mais uma v\u00edtima da Covid &#8211; 19. A informa\u00e7\u00e3o foi confirmada por pessoas pr\u00f3ximas e inclusive, pelo amigo de Alceu, o deputado Hussein Bakri, atrav\u00e9s de grupos de WhatsApp. Alceu tinha 57 anos e estava na UTI do hospital S\u00e3o Camilo (Regional), desde o [&hellip;]<\/p>\n","protected":false},"author":2,"featured_media":0,"comment_status":"open","ping_status":"open","sticky":false,"template":"","format":"standard","meta":{"footnotes":""},"categories":[182],"tags":[172],"class_list":["post-1492","post","type-post","status-publish","format-standard","hentry","category-saude","tag-featured"],"amp_enabled":true,"_links":{"self":[{"href":"https:\/\/radiostudiow.com.br\/site\/wp-json\/wp\/v2\/posts\/1492","targetHints":{"allow":["GET"]}}],"collection":[{"href":"https:\/\/radiostudiow.com.br\/site\/wp-json\/wp\/v2\/posts"}],"about":[{"href":"https:\/\/radiostudiow.com.br\/site\/wp-json\/wp\/v2\/types\/post"}],"author":[{"embeddable":true,"href":"https:\/\/radiostudiow.com.br\/site\/wp-json\/wp\/v2\/users\/2"}],"replies":[{"embeddable":true,"href":"https:\/\/radiostudiow.com.br\/site\/wp-json\/wp\/v2\/comments?post=1492"}],"version-history":[{"count":1,"href":"https:\/\/radiostudiow.com.br\/site\/wp-json\/wp\/v2\/posts\/1492\/revisions"}],"predecessor-version":[{"id":1494,"href":"https:\/\/radiostudiow.com.br\/site\/wp-json\/wp\/v2\/posts\/1492\/revisions\/1494"}],"wp:attachment":[{"href":"https:\/\/radiostudiow.com.br\/site\/wp-json\/wp\/v2\/media?parent=1492"}],"wp:term":[{"taxonomy":"category","embeddable":true,"href":"https:\/\/radiostudiow.com.br\/site\/wp-json\/wp\/v2\/categories?post=1492"},{"taxonomy":"post_tag","embeddable":true,"href":"https:\/\/radiostudiow.com.br\/site\/wp-json\/wp\/v2\/tags?post=1492"}],"curies":[{"name":"wp","href":"https:\/\/api.w.org\/{rel}","templated":true}]}}