{"id":14921,"date":"2023-09-08T13:19:54","date_gmt":"2023-09-08T16:19:54","guid":{"rendered":"https:\/\/radiostudiow.com.br\/site\/?p=14921"},"modified":"2025-01-31T15:06:32","modified_gmt":"2025-01-31T18:06:32","slug":"plantao-studio-w-homem-e-encontrado-morto-em-sua-residencia-na-vila-mariana-em-mallet","status":"publish","type":"post","link":"https:\/\/radiostudiow.com.br\/site\/2023\/09\/08\/plantao-studio-w-homem-e-encontrado-morto-em-sua-residencia-na-vila-mariana-em-mallet\/","title":{"rendered":"PLANT\u00c3O STUDIO W: HOMEM \u00c9 ENCONTRADO MORTO EM SUA RESID\u00caNCIA NA VILA MARIANA EM MALLET"},"content":{"rendered":"\n<figure class=\"wp-block-image size-full\"><img decoding=\"async\" src=\"https:\/\/radiostudiow.com.br\/site\/wp-content\/uploads\/2022\/06\/NUTRI-MALLET.jpg\" alt=\"\" class=\"wp-image-7772\"\/><\/figure>\n\n\n\n<p>No final da manh\u00e3 desta sexta-feira dia 08 de setembro, por volta das 11h20min.,a equipe dos Bombeiros Comunit\u00e1rios de Mallet, foi acionada por uma pessoa que teria ido a casa de um homem o qual morava na Rua 7 de Setembro na Vila Mariana em Mallet e constatou que o propriet\u00e1rio estava ca\u00eddo aparentemente sem vida.<\/p>\n\n\n\n<p>De imediato a equipe se deslocaram at\u00e9 o local e certificaram que a v\u00edtima j\u00e1 estaria em \u00f3bito possivelmente h\u00e1 alguns dias, pois o odor j\u00e1 predominava muito forte nas imedia\u00e7\u00f5es.<\/p>\n\n\n\n<p>Foram acionados os policiais da 10\u00aa DRP (Delegacia Regional da Pol\u00edcia Civil de Mallet), para que pudessem atestar e investigar as poss\u00edveis causas da morte.<\/p>\n\n\n\n<p>Segundo o solicitante comentou aos Bombeiros Comunit\u00e1rios que teria ido at\u00e9 a casa ainda no s\u00e1bado dia 02 de setembro para conversar com a v\u00edtima e n\u00e3o teria encontrado ningu\u00e9m.&nbsp;<\/p>\n\n\n\n<p>Ao retornar hoje verificou que a porta se encontrava da mesma forma que teria visto na visita anterior e o mau cheiro j\u00e1 dava ind\u00edcios de que algo estaria errado.<\/p>\n\n\n\n<figure class=\"wp-block-image size-full\"><img decoding=\"async\" src=\"https:\/\/radiostudiow.com.br\/site\/wp-content\/uploads\/2023\/05\/SITE-MEDIO.png\" alt=\"\" class=\"wp-image-12661\"\/><\/figure>\n","protected":false},"excerpt":{"rendered":"<p>No final da manh\u00e3 desta sexta-feira dia 08 de setembro, por volta das 11h20min.,a equipe dos Bombeiros Comunit\u00e1rios de Mallet, foi acionada por uma pessoa que teria ido a casa de um homem o qual morava na Rua 7 de Setembro na Vila Mariana em Mallet e constatou que o propriet\u00e1rio estava ca\u00eddo aparentemente sem [&hellip;]<\/p>\n","protected":false},"author":2,"featured_media":14870,"comment_status":"open","ping_status":"open","sticky":false,"template":"","format":"standard","meta":{"footnotes":""},"categories":[184],"tags":[172],"class_list":["post-14921","post","type-post","status-publish","format-standard","has-post-thumbnail","hentry","category-local","tag-featured"],"amp_enabled":true,"_links":{"self":[{"href":"https:\/\/radiostudiow.com.br\/site\/wp-json\/wp\/v2\/posts\/14921","targetHints":{"allow":["GET"]}}],"collection":[{"href":"https:\/\/radiostudiow.com.br\/site\/wp-json\/wp\/v2\/posts"}],"about":[{"href":"https:\/\/radiostudiow.com.br\/site\/wp-json\/wp\/v2\/types\/post"}],"author":[{"embeddable":true,"href":"https:\/\/radiostudiow.com.br\/site\/wp-json\/wp\/v2\/users\/2"}],"replies":[{"embeddable":true,"href":"https:\/\/radiostudiow.com.br\/site\/wp-json\/wp\/v2\/comments?post=14921"}],"version-history":[{"count":1,"href":"https:\/\/radiostudiow.com.br\/site\/wp-json\/wp\/v2\/posts\/14921\/revisions"}],"predecessor-version":[{"id":14922,"href":"https:\/\/radiostudiow.com.br\/site\/wp-json\/wp\/v2\/posts\/14921\/revisions\/14922"}],"wp:featuredmedia":[{"embeddable":true,"href":"https:\/\/radiostudiow.com.br\/site\/wp-json\/wp\/v2\/media\/14870"}],"wp:attachment":[{"href":"https:\/\/radiostudiow.com.br\/site\/wp-json\/wp\/v2\/media?parent=14921"}],"wp:term":[{"taxonomy":"category","embeddable":true,"href":"https:\/\/radiostudiow.com.br\/site\/wp-json\/wp\/v2\/categories?post=14921"},{"taxonomy":"post_tag","embeddable":true,"href":"https:\/\/radiostudiow.com.br\/site\/wp-json\/wp\/v2\/tags?post=14921"}],"curies":[{"name":"wp","href":"https:\/\/api.w.org\/{rel}","templated":true}]}}