{"id":14923,"date":"2023-09-08T16:46:36","date_gmt":"2023-09-08T19:46:36","guid":{"rendered":"https:\/\/radiostudiow.com.br\/site\/?p=14923"},"modified":"2025-01-31T15:06:32","modified_gmt":"2025-01-31T18:06:32","slug":"acidente-entre-gol-e-palio-deixa-tres-vitimas-em-sao-mateus-do-sul","status":"publish","type":"post","link":"https:\/\/radiostudiow.com.br\/site\/2023\/09\/08\/acidente-entre-gol-e-palio-deixa-tres-vitimas-em-sao-mateus-do-sul\/","title":{"rendered":"Acidente entre Gol e Palio deixa tr\u00eas v\u00edtimas em S\u00e3o Mateus do Sul"},"content":{"rendered":"\n<p>Um acidente envolvendo dois ve\u00edculos, um Volkswagen Gol e um Fiat Palio, na BR-476 no KM 241, na localidade de Carqueja, munic\u00edpio da Lapa, mobilizando o Corpo de Bombeiros de S\u00e3o Mateus do Sul  foi registrado por volta das 13:00 horas dessa sexta-feira (07).<\/p>\n\n\n\n<figure class=\"wp-block-image size-full\"><img decoding=\"async\" src=\"https:\/\/radiostudiow.com.br\/site\/wp-content\/uploads\/2023\/08\/image-125.png\" alt=\"\" class=\"wp-image-14658\"\/><\/figure>\n\n\n\n<p>O acidente mobilizou equipes de socorro. Segundo os bombeiros, duas v\u00edtimas estavam gravemente feridas, foram atendidas e encaminhadas \u00e0s unidades hospitalares mais pr\u00f3ximas. Al\u00e9m das v\u00edtimas em estado grave, uma terceira pessoa, identificada com o c\u00f3digo 01, tamb\u00e9m foi atendida pelas equipes de resgate e encaminhada a um hospital da regi\u00e3o. Seu estado de sa\u00fade \u00e9 est\u00e1vel e ela passa por avalia\u00e7\u00f5es m\u00e9dicas adicionais para determinar a extens\u00e3o de seus danos.<\/p>\n\n\n\n<p><em>\u201cChegando ao local foi constatado a colis\u00e3o entre dois ve\u00edculos, sendo que os mesmos encontravam-se obstruindo uma pista, regi\u00e3o de curva, onde duas v\u00edtimas encontravam-se fora do ve\u00edculo, sendo uma mulher e um homem. No interior do segundo ve\u00edculo havia ainda uma v\u00edtima, um idoso preso \u00e0s ferragens. Todas as v\u00edtimas foram atendidas e transportadas ao Pronto Atendimento de S\u00e3o Mateus do Sul pela, guarni\u00e7\u00e3o de S\u00e3o Mateus do Sul. Posteriormente chegou ao local uma equipe de Bombeiros Militares da Lapa\u201d, informaram os Bombeiros<\/em>.<\/p>\n\n\n\n<figure class=\"wp-block-image size-full\"><img decoding=\"async\" src=\"https:\/\/radiostudiow.com.br\/site\/wp-content\/uploads\/2023\/08\/image-127.png\" alt=\"\" class=\"wp-image-14660\"\/><\/figure>\n\n\n\n<p>As circunst\u00e2ncias exatas que ocorreram ao acidente ficar\u00e3o sob investiga\u00e7\u00e3o, e a Pol\u00edcia Rodovi\u00e1ria Federal (PRF) que foi acionada para o local. Logo traremos mais informa\u00e7\u00f5es atualizadas.<\/p>\n\n\n\n<p>Fonte: Portal Cultura Sul FM<\/p>\n","protected":false},"excerpt":{"rendered":"<p>Um acidente envolvendo dois ve\u00edculos, um Volkswagen Gol e um Fiat Palio, na BR-476 no KM 241, na localidade de Carqueja, munic\u00edpio da Lapa, mobilizando o Corpo de Bombeiros de S\u00e3o Mateus do Sul foi registrado por volta das 13:00 horas dessa sexta-feira (07). O acidente mobilizou equipes de socorro. Segundo os bombeiros, duas v\u00edtimas [&hellip;]<\/p>\n","protected":false},"author":2,"featured_media":14924,"comment_status":"open","ping_status":"open","sticky":false,"template":"","format":"standard","meta":{"footnotes":""},"categories":[185],"tags":[172],"class_list":["post-14923","post","type-post","status-publish","format-standard","has-post-thumbnail","hentry","category-regional","tag-featured"],"amp_enabled":true,"_links":{"self":[{"href":"https:\/\/radiostudiow.com.br\/site\/wp-json\/wp\/v2\/posts\/14923","targetHints":{"allow":["GET"]}}],"collection":[{"href":"https:\/\/radiostudiow.com.br\/site\/wp-json\/wp\/v2\/posts"}],"about":[{"href":"https:\/\/radiostudiow.com.br\/site\/wp-json\/wp\/v2\/types\/post"}],"author":[{"embeddable":true,"href":"https:\/\/radiostudiow.com.br\/site\/wp-json\/wp\/v2\/users\/2"}],"replies":[{"embeddable":true,"href":"https:\/\/radiostudiow.com.br\/site\/wp-json\/wp\/v2\/comments?post=14923"}],"version-history":[{"count":1,"href":"https:\/\/radiostudiow.com.br\/site\/wp-json\/wp\/v2\/posts\/14923\/revisions"}],"predecessor-version":[{"id":14925,"href":"https:\/\/radiostudiow.com.br\/site\/wp-json\/wp\/v2\/posts\/14923\/revisions\/14925"}],"wp:featuredmedia":[{"embeddable":true,"href":"https:\/\/radiostudiow.com.br\/site\/wp-json\/wp\/v2\/media\/14924"}],"wp:attachment":[{"href":"https:\/\/radiostudiow.com.br\/site\/wp-json\/wp\/v2\/media?parent=14923"}],"wp:term":[{"taxonomy":"category","embeddable":true,"href":"https:\/\/radiostudiow.com.br\/site\/wp-json\/wp\/v2\/categories?post=14923"},{"taxonomy":"post_tag","embeddable":true,"href":"https:\/\/radiostudiow.com.br\/site\/wp-json\/wp\/v2\/tags?post=14923"}],"curies":[{"name":"wp","href":"https:\/\/api.w.org\/{rel}","templated":true}]}}