{"id":15065,"date":"2023-09-15T10:12:27","date_gmt":"2023-09-15T13:12:27","guid":{"rendered":"https:\/\/radiostudiow.com.br\/site\/?p=15065"},"modified":"2025-01-31T15:06:31","modified_gmt":"2025-01-31T18:06:31","slug":"mais-um-acidente-na-br-153-atendido-pelos-bombeiros-comunitarios-de-mallet","status":"publish","type":"post","link":"https:\/\/radiostudiow.com.br\/site\/2023\/09\/15\/mais-um-acidente-na-br-153-atendido-pelos-bombeiros-comunitarios-de-mallet\/","title":{"rendered":"MAIS UM ACIDENTE NA BR 153 ATENDIDO PELOS BOMBEIROS COMUNIT\u00c1RIOS DE MALLET"},"content":{"rendered":"\n<figure class=\"wp-block-image size-full\"><img decoding=\"async\" src=\"https:\/\/radiostudiow.com.br\/site\/wp-content\/uploads\/2023\/08\/image-125.png\" alt=\"\" class=\"wp-image-14658\"\/><\/figure>\n\n\n\n<p>E o in\u00edcio de final de semana, come\u00e7a  com acidente na rodovia que corta o munic\u00edpio de Mallet. Na manh\u00e3 desta sexta-feira (15), por volta das 07:00 horas, o Corpo de Bombeiros Comunit\u00e1rios foi acionado para atender mais um acidente na BR-153 no km 355, pr\u00f3ximo a conhecida &#8220;Curva das \u00c1guas&#8221; na regi\u00e3o  de Dorizon.<\/p>\n\n\n\n<p>De acordo com informa\u00e7\u00f5es, uma mulher que estava conduzindo um ve\u00edculo FIAT\/P\u00e1lio com placas do Mercosul, acabou perdendo a dire\u00e7\u00e3o do autom\u00f3vel vindo a cair fora da pista.<\/p>\n\n\n\n<figure class=\"wp-block-image size-full\"><img decoding=\"async\" src=\"https:\/\/radiostudiow.com.br\/site\/wp-content\/uploads\/2023\/05\/image-2.png\" alt=\"\" class=\"wp-image-12867\"\/><\/figure>\n\n\n\n<p>Segundo os B.C.M., tr\u00eas pessoas estavam no carro, mas somente uma foi socorrida pela equipe que contou com o apoio da ambul\u00e2ncia da Secretaria de Sa\u00fade de Mallet, sendo a v\u00edtima levada para o Hospital S\u00e3o Pedro, aparentemente com nenhum ferimento, apenas para avalia\u00e7\u00e3o m\u00e9dica.<\/p>\n\n\n\n<p>Outras duas v\u00edtimas do acidente recusaram atendimento de socorro.<\/p>\n\n\n\n<p>O fluxo de movimento de ve\u00edculos permaneceu normal no local sem nenhum tipo de altera\u00e7\u00e3o.<\/p>\n","protected":false},"excerpt":{"rendered":"<p>E o in\u00edcio de final de semana, come\u00e7a com acidente na rodovia que corta o munic\u00edpio de Mallet. Na manh\u00e3 desta sexta-feira (15), por volta das 07:00 horas, o Corpo de Bombeiros Comunit\u00e1rios foi acionado para atender mais um acidente na BR-153 no km 355, pr\u00f3ximo a conhecida &#8220;Curva das \u00c1guas&#8221; na regi\u00e3o de Dorizon. [&hellip;]<\/p>\n","protected":false},"author":2,"featured_media":15068,"comment_status":"open","ping_status":"open","sticky":false,"template":"","format":"standard","meta":{"footnotes":""},"categories":[184],"tags":[172],"class_list":["post-15065","post","type-post","status-publish","format-standard","has-post-thumbnail","hentry","category-local","tag-featured"],"amp_enabled":true,"_links":{"self":[{"href":"https:\/\/radiostudiow.com.br\/site\/wp-json\/wp\/v2\/posts\/15065","targetHints":{"allow":["GET"]}}],"collection":[{"href":"https:\/\/radiostudiow.com.br\/site\/wp-json\/wp\/v2\/posts"}],"about":[{"href":"https:\/\/radiostudiow.com.br\/site\/wp-json\/wp\/v2\/types\/post"}],"author":[{"embeddable":true,"href":"https:\/\/radiostudiow.com.br\/site\/wp-json\/wp\/v2\/users\/2"}],"replies":[{"embeddable":true,"href":"https:\/\/radiostudiow.com.br\/site\/wp-json\/wp\/v2\/comments?post=15065"}],"version-history":[{"count":2,"href":"https:\/\/radiostudiow.com.br\/site\/wp-json\/wp\/v2\/posts\/15065\/revisions"}],"predecessor-version":[{"id":15069,"href":"https:\/\/radiostudiow.com.br\/site\/wp-json\/wp\/v2\/posts\/15065\/revisions\/15069"}],"wp:featuredmedia":[{"embeddable":true,"href":"https:\/\/radiostudiow.com.br\/site\/wp-json\/wp\/v2\/media\/15068"}],"wp:attachment":[{"href":"https:\/\/radiostudiow.com.br\/site\/wp-json\/wp\/v2\/media?parent=15065"}],"wp:term":[{"taxonomy":"category","embeddable":true,"href":"https:\/\/radiostudiow.com.br\/site\/wp-json\/wp\/v2\/categories?post=15065"},{"taxonomy":"post_tag","embeddable":true,"href":"https:\/\/radiostudiow.com.br\/site\/wp-json\/wp\/v2\/tags?post=15065"}],"curies":[{"name":"wp","href":"https:\/\/api.w.org\/{rel}","templated":true}]}}