{"id":15084,"date":"2023-09-16T08:45:31","date_gmt":"2023-09-16T11:45:31","guid":{"rendered":"https:\/\/radiostudiow.com.br\/site\/?p=15084"},"modified":"2025-01-31T15:06:31","modified_gmt":"2025-01-31T18:06:31","slug":"carreta-com-placas-de-mallet-tomba-na-pr-092-em-siqueira-campos-pr","status":"publish","type":"post","link":"https:\/\/radiostudiow.com.br\/site\/2023\/09\/16\/carreta-com-placas-de-mallet-tomba-na-pr-092-em-siqueira-campos-pr\/","title":{"rendered":"CARRETA COM PLACAS DE MALLET, TOMBA NA PR-092 EM SIQUEIRA CAMPOS-PR"},"content":{"rendered":"\n<p>Na manh\u00e3 desta sexta (15), por volta das 11:00 horas, na PR-092 km 284 mais 800 m, uma carreta acabou tombando entre as cidades de Quatigua eCARRETA COM PLACAS DE MALLET, TOMBA NA PR-092 EM SIQUEIRA CAMPOS-PR Siqueira Campos no Paran\u00e1.<\/p>\n\n\n\n<figure class=\"wp-block-image size-large is-resized\"><img loading=\"lazy\" decoding=\"async\" src=\"https:\/\/radiostudiow.com.br\/site\/wp-content\/uploads\/2023\/08\/364006326_686744726826453_3740232185422345251_n-1024x390.png\" alt=\"\" class=\"wp-image-14090\" style=\"width:558px;height:214px\" width=\"558\" height=\"214\"\/><\/figure>\n\n\n\n<p>De acordo com relatos, um caminh\u00e3o SCANIA\/G 420 A4X2 , com placas de Mallet, conduzido por um masculino de 28 anos, foi encaminhado com ferimentos para o Pronto Socorro de Siqueira Campos\/PR.<\/p>\n\n\n\n<p>Segundo informa\u00e7\u00f5es do Portal Irati, o sinistro ocorreu do tipo tombamento, ficando o ve\u00edculo fora da pista a margem esquerda, vindo atravessar a rodovia no sentido oposto da via.<\/p>\n\n\n\n<p>O guard rail ou defensa met\u00e1lica no local, j\u00e1 estava destru\u00edda devido ao sinistro ocorrido anteriormente afirma a PRE (Pol\u00edcia Rodovi\u00e1ria Estadual)<\/p>\n\n\n\n<figure class=\"wp-block-image size-full\"><img decoding=\"async\" src=\"https:\/\/radiostudiow.com.br\/site\/wp-content\/uploads\/2023\/08\/image-127.png\" alt=\"\" class=\"wp-image-14660\"\/><\/figure>\n\n\n\n<p>Informa\u00e7\u00e3o: PRE\/Rep\u00f3rter Kiko\/Portal Irati<br>Imagem: PRE<\/p>\n","protected":false},"excerpt":{"rendered":"<p>Na manh\u00e3 desta sexta (15), por volta das 11:00 horas, na PR-092 km 284 mais 800 m, uma carreta acabou tombando entre as cidades de Quatigua eCARRETA COM PLACAS DE MALLET, TOMBA NA PR-092 EM SIQUEIRA CAMPOS-PR Siqueira Campos no Paran\u00e1. De acordo com relatos, um caminh\u00e3o SCANIA\/G 420 A4X2 , com placas de Mallet, [&hellip;]<\/p>\n","protected":false},"author":2,"featured_media":15085,"comment_status":"open","ping_status":"open","sticky":false,"template":"","format":"standard","meta":{"footnotes":""},"categories":[185],"tags":[172],"class_list":["post-15084","post","type-post","status-publish","format-standard","has-post-thumbnail","hentry","category-regional","tag-featured"],"amp_enabled":true,"_links":{"self":[{"href":"https:\/\/radiostudiow.com.br\/site\/wp-json\/wp\/v2\/posts\/15084","targetHints":{"allow":["GET"]}}],"collection":[{"href":"https:\/\/radiostudiow.com.br\/site\/wp-json\/wp\/v2\/posts"}],"about":[{"href":"https:\/\/radiostudiow.com.br\/site\/wp-json\/wp\/v2\/types\/post"}],"author":[{"embeddable":true,"href":"https:\/\/radiostudiow.com.br\/site\/wp-json\/wp\/v2\/users\/2"}],"replies":[{"embeddable":true,"href":"https:\/\/radiostudiow.com.br\/site\/wp-json\/wp\/v2\/comments?post=15084"}],"version-history":[{"count":4,"href":"https:\/\/radiostudiow.com.br\/site\/wp-json\/wp\/v2\/posts\/15084\/revisions"}],"predecessor-version":[{"id":33561,"href":"https:\/\/radiostudiow.com.br\/site\/wp-json\/wp\/v2\/posts\/15084\/revisions\/33561"}],"wp:featuredmedia":[{"embeddable":true,"href":"https:\/\/radiostudiow.com.br\/site\/wp-json\/wp\/v2\/media\/15085"}],"wp:attachment":[{"href":"https:\/\/radiostudiow.com.br\/site\/wp-json\/wp\/v2\/media?parent=15084"}],"wp:term":[{"taxonomy":"category","embeddable":true,"href":"https:\/\/radiostudiow.com.br\/site\/wp-json\/wp\/v2\/categories?post=15084"},{"taxonomy":"post_tag","embeddable":true,"href":"https:\/\/radiostudiow.com.br\/site\/wp-json\/wp\/v2\/tags?post=15084"}],"curies":[{"name":"wp","href":"https:\/\/api.w.org\/{rel}","templated":true}]}}