{"id":15103,"date":"2023-09-18T09:51:15","date_gmt":"2023-09-18T12:51:15","guid":{"rendered":"https:\/\/radiostudiow.com.br\/site\/?p=15103"},"modified":"2025-01-31T15:06:30","modified_gmt":"2025-01-31T18:06:30","slug":"uma-aeronave-de-uniao-da-vitoria-esta-desaparecida","status":"publish","type":"post","link":"https:\/\/radiostudiow.com.br\/site\/2023\/09\/18\/uma-aeronave-de-uniao-da-vitoria-esta-desaparecida\/","title":{"rendered":"UMA AERONAVE DE UNI\u00c3O DA VIT\u00d3RIA EST\u00c1 DESAPARECIDA"},"content":{"rendered":"\n<p>Uma aeronave de Uni\u00e3o da Vit\u00f3ria est\u00e1 desaparecida desde a manh\u00e3 deste domingo, 17 de setembro, regi\u00e3o de Siqueira Campos.<\/p>\n\n\n\n<figure class=\"wp-block-image size-full\"><img decoding=\"async\" src=\"https:\/\/radiostudiow.com.br\/site\/wp-content\/uploads\/2023\/08\/image-127.png\" alt=\"\" class=\"wp-image-14660\"\/><\/figure>\n\n\n\n<p>De acordo com informa\u00e7\u00f5es, a aeronave estava em Siqueira Campos e decolou na manh\u00e3 de domingo, 17 de setembro, para sobrevoar o local. Ap\u00f3s esse voo, o piloto retornaria para Uni\u00e3o da Vit\u00f3ria nesta segunda-feira, 18 de setembro, no entanto, acabou desaparecendo.<\/p>\n\n\n\n<p>De acordo com informa\u00e7\u00f5es, a aeronave \u00e9 de propriedade do comandante Carlos Roberto Francisconi, natural de Crici\u00fama e morador de Uni\u00e3o da Vit\u00f3ria, o qual trabalha com foto a\u00e9rea h\u00e1 muitos anos e \u00e9 considerado um piloto com bastante experi\u00eancia.<\/p>\n\n\n\n<p>O SAR \u2013 &nbsp;<strong>Esquadr\u00e3o Aeroterrestre de Salvamento&nbsp;<\/strong>j\u00e1 iniciou o sobrevoo da \u00e1rea. Em breve mais informa\u00e7\u00f5es.<\/p>\n\n\n\n<p><em>Com dados VVale<\/em><\/p>\n","protected":false},"excerpt":{"rendered":"<p>Uma aeronave de Uni\u00e3o da Vit\u00f3ria est\u00e1 desaparecida desde a manh\u00e3 deste domingo, 17 de setembro, regi\u00e3o de Siqueira Campos. De acordo com informa\u00e7\u00f5es, a aeronave estava em Siqueira Campos e decolou na manh\u00e3 de domingo, 17 de setembro, para sobrevoar o local. Ap\u00f3s esse voo, o piloto retornaria para Uni\u00e3o da Vit\u00f3ria nesta segunda-feira, [&hellip;]<\/p>\n","protected":false},"author":2,"featured_media":15104,"comment_status":"open","ping_status":"open","sticky":false,"template":"","format":"standard","meta":{"footnotes":""},"categories":[185],"tags":[172],"class_list":["post-15103","post","type-post","status-publish","format-standard","has-post-thumbnail","hentry","category-regional","tag-featured"],"amp_enabled":true,"_links":{"self":[{"href":"https:\/\/radiostudiow.com.br\/site\/wp-json\/wp\/v2\/posts\/15103","targetHints":{"allow":["GET"]}}],"collection":[{"href":"https:\/\/radiostudiow.com.br\/site\/wp-json\/wp\/v2\/posts"}],"about":[{"href":"https:\/\/radiostudiow.com.br\/site\/wp-json\/wp\/v2\/types\/post"}],"author":[{"embeddable":true,"href":"https:\/\/radiostudiow.com.br\/site\/wp-json\/wp\/v2\/users\/2"}],"replies":[{"embeddable":true,"href":"https:\/\/radiostudiow.com.br\/site\/wp-json\/wp\/v2\/comments?post=15103"}],"version-history":[{"count":3,"href":"https:\/\/radiostudiow.com.br\/site\/wp-json\/wp\/v2\/posts\/15103\/revisions"}],"predecessor-version":[{"id":33560,"href":"https:\/\/radiostudiow.com.br\/site\/wp-json\/wp\/v2\/posts\/15103\/revisions\/33560"}],"wp:featuredmedia":[{"embeddable":true,"href":"https:\/\/radiostudiow.com.br\/site\/wp-json\/wp\/v2\/media\/15104"}],"wp:attachment":[{"href":"https:\/\/radiostudiow.com.br\/site\/wp-json\/wp\/v2\/media?parent=15103"}],"wp:term":[{"taxonomy":"category","embeddable":true,"href":"https:\/\/radiostudiow.com.br\/site\/wp-json\/wp\/v2\/categories?post=15103"},{"taxonomy":"post_tag","embeddable":true,"href":"https:\/\/radiostudiow.com.br\/site\/wp-json\/wp\/v2\/tags?post=15103"}],"curies":[{"name":"wp","href":"https:\/\/api.w.org\/{rel}","templated":true}]}}