{"id":15127,"date":"2023-09-19T11:20:34","date_gmt":"2023-09-19T14:20:34","guid":{"rendered":"https:\/\/radiostudiow.com.br\/site\/?p=15127"},"modified":"2025-01-31T15:06:30","modified_gmt":"2025-01-31T18:06:30","slug":"mulher-fica-presa-as-ferragens-apos-acidente-entre-carro-e-carreta-em-antonio-olinto","status":"publish","type":"post","link":"https:\/\/radiostudiow.com.br\/site\/2023\/09\/19\/mulher-fica-presa-as-ferragens-apos-acidente-entre-carro-e-carreta-em-antonio-olinto\/","title":{"rendered":"Mulher fica presa \u00e0s ferragens ap\u00f3s acidente entre carro e carreta em Ant\u00f4nio Olinto"},"content":{"rendered":"\n<p>O Corpo de Bombeiros de S\u00e3o Mateus do Sul atendeu a um acidente envolvendo uma carreta e um ve\u00edculo na BR-476, pr\u00f3ximo ao trevo de acesso \u00e0 cidade de Ant\u00f4nio Olinto na tarde desta segunda-feira (18).<\/p>\n\n\n\n<figure class=\"wp-block-image size-large\"><img decoding=\"async\" src=\"https:\/\/radiostudiow.com.br\/site\/wp-content\/uploads\/2023\/07\/image-34-1024x387.png\" alt=\"\" class=\"wp-image-13860\"\/><\/figure>\n\n\n\n<p>Segundo informa\u00e7\u00f5es, a carreta seguia pela rodovia sentido Curitiba, quando o Ford\/Ka que vinha de Ant\u00f4nio Olinto pela PR-281, acabou n\u00e3o parando no trevo e foi atingido pela carreta. Com o impacto da batida, a motorista do ve\u00edculo acabou ficando presa \u00e0s ferragens e com suspeita de fratura de f\u00eamur.<\/p>\n\n\n\n<p>Uma equipe do Siate que passava pelo local ajudou os bombeiros, encaminhando duas ocupantes do Ka ao Pronto Atendimento Municipal de S\u00e3o Mateus do Sul. O condutor da carreta n\u00e3o se feriu. A Pol\u00edcia Militar de Ant\u00f4nio Olinto ajudou na ocorr\u00eancia, orientando o tr\u00e2nsito enquanto o Corpo de Bombeiros prestava atendimento ao acidente.<\/p>\n\n\n\n<figure class=\"wp-block-image size-full\"><img decoding=\"async\" src=\"https:\/\/radiostudiow.com.br\/site\/wp-content\/uploads\/2023\/08\/image-127.png\" alt=\"\" class=\"wp-image-14660\"\/><\/figure>\n\n\n\n<p><strong><em>Da Reda\u00e7\u00e3o RDX, com informa\u00e7\u00f5es Clic Sul News<\/em><\/strong><\/p>\n\n\n\n<figure class=\"wp-block-image size-full\"><img loading=\"lazy\" decoding=\"async\" width=\"828\" height=\"361\" src=\"https:\/\/radiostudiow.com.br\/site\/wp-content\/uploads\/2023\/09\/image-34.png\" alt=\"\" class=\"wp-image-15129\" srcset=\"https:\/\/radiostudiow.com.br\/site\/wp-content\/uploads\/2023\/09\/image-34.png 828w, https:\/\/radiostudiow.com.br\/site\/wp-content\/uploads\/2023\/09\/image-34-300x131.png 300w, https:\/\/radiostudiow.com.br\/site\/wp-content\/uploads\/2023\/09\/image-34-768x335.png 768w\" sizes=\"auto, (max-width: 828px) 100vw, 828px\" \/><\/figure>\n\n\n\n<figure class=\"wp-block-image size-full\"><img loading=\"lazy\" decoding=\"async\" width=\"828\" height=\"363\" src=\"https:\/\/radiostudiow.com.br\/site\/wp-content\/uploads\/2023\/09\/image-35.png\" alt=\"\" class=\"wp-image-15130\" srcset=\"https:\/\/radiostudiow.com.br\/site\/wp-content\/uploads\/2023\/09\/image-35.png 828w, https:\/\/radiostudiow.com.br\/site\/wp-content\/uploads\/2023\/09\/image-35-300x132.png 300w, https:\/\/radiostudiow.com.br\/site\/wp-content\/uploads\/2023\/09\/image-35-768x337.png 768w\" sizes=\"auto, (max-width: 828px) 100vw, 828px\" \/><\/figure>\n","protected":false},"excerpt":{"rendered":"<p>O Corpo de Bombeiros de S\u00e3o Mateus do Sul atendeu a um acidente envolvendo uma carreta e um ve\u00edculo na BR-476, pr\u00f3ximo ao trevo de acesso \u00e0 cidade de Ant\u00f4nio Olinto na tarde desta segunda-feira (18). Segundo informa\u00e7\u00f5es, a carreta seguia pela rodovia sentido Curitiba, quando o Ford\/Ka que vinha de Ant\u00f4nio Olinto pela PR-281, [&hellip;]<\/p>\n","protected":false},"author":2,"featured_media":15128,"comment_status":"open","ping_status":"open","sticky":false,"template":"","format":"standard","meta":{"footnotes":""},"categories":[185],"tags":[172],"class_list":["post-15127","post","type-post","status-publish","format-standard","has-post-thumbnail","hentry","category-regional","tag-featured"],"amp_enabled":true,"_links":{"self":[{"href":"https:\/\/radiostudiow.com.br\/site\/wp-json\/wp\/v2\/posts\/15127","targetHints":{"allow":["GET"]}}],"collection":[{"href":"https:\/\/radiostudiow.com.br\/site\/wp-json\/wp\/v2\/posts"}],"about":[{"href":"https:\/\/radiostudiow.com.br\/site\/wp-json\/wp\/v2\/types\/post"}],"author":[{"embeddable":true,"href":"https:\/\/radiostudiow.com.br\/site\/wp-json\/wp\/v2\/users\/2"}],"replies":[{"embeddable":true,"href":"https:\/\/radiostudiow.com.br\/site\/wp-json\/wp\/v2\/comments?post=15127"}],"version-history":[{"count":1,"href":"https:\/\/radiostudiow.com.br\/site\/wp-json\/wp\/v2\/posts\/15127\/revisions"}],"predecessor-version":[{"id":15131,"href":"https:\/\/radiostudiow.com.br\/site\/wp-json\/wp\/v2\/posts\/15127\/revisions\/15131"}],"wp:featuredmedia":[{"embeddable":true,"href":"https:\/\/radiostudiow.com.br\/site\/wp-json\/wp\/v2\/media\/15128"}],"wp:attachment":[{"href":"https:\/\/radiostudiow.com.br\/site\/wp-json\/wp\/v2\/media?parent=15127"}],"wp:term":[{"taxonomy":"category","embeddable":true,"href":"https:\/\/radiostudiow.com.br\/site\/wp-json\/wp\/v2\/categories?post=15127"},{"taxonomy":"post_tag","embeddable":true,"href":"https:\/\/radiostudiow.com.br\/site\/wp-json\/wp\/v2\/tags?post=15127"}],"curies":[{"name":"wp","href":"https:\/\/api.w.org\/{rel}","templated":true}]}}