{"id":15222,"date":"2023-09-23T16:43:39","date_gmt":"2023-09-23T19:43:39","guid":{"rendered":"https:\/\/radiostudiow.com.br\/site\/?p=15222"},"modified":"2025-01-31T15:06:30","modified_gmt":"2025-01-31T18:06:30","slug":"bi-trem-tomba-na-br-153-entre-mallet-e-rio-azul","status":"publish","type":"post","link":"https:\/\/radiostudiow.com.br\/site\/2023\/09\/23\/bi-trem-tomba-na-br-153-entre-mallet-e-rio-azul\/","title":{"rendered":"BI TREM TOMBA NA BR 153 ENTRE MALLET E RIO AZUL"},"content":{"rendered":"<div class=\"wp-block-image\">\n<figure class=\"aligncenter size-full\"><img decoding=\"async\" src=\"https:\/\/radiostudiow.com.br\/site\/wp-content\/uploads\/2023\/05\/SITE-MEDIO.png\" alt=\"\" class=\"wp-image-12661\"\/><\/figure>\n<\/div>\n\n\n<p>Na tarde deste s\u00e1bado dia 23 de setembro por volta das 13:50 horas mais um acidente foi registrado na Rodovia que corta o nosso munic\u00edpio.<\/p>\n\n\n\n<p>De acordo com internautas que passaram pelo local uma carreta bitrem com 9 eixos carregado com material para produ\u00e7\u00e3o de sacaria, bags e pl\u00e1sticos. acabou tombando nas proximidades da cooperativa situado na BR 153 mais precisamente no km 372, j\u00e1 no munic\u00edpio de Rio Azul.<\/p>\n\n\n\n<p>Segundo Informa\u00e7\u00f5es, o Corpo de Bombeiros de Irati atrav\u00e9s do Sargento Pacholok que passava pelo local, prestou o servi\u00e7o de socorro \u00e0 v\u00edtima do acidente acionando logo em seguida o SAMU, pois com o tombamento havia vazamento de combust\u00edvel do caminh\u00e3o, onde poderia ter o perigo\u00a0de\u00a0pegar\u00a0fogo, e o Corpo de Bombeiros Comunit\u00e1rios de Mallet prestou apoio devido ao perigo.<\/p>\n\n\n\n<p>O motorista de 30 anos foi encaminhado ao hospital.<\/p>\n\n\n\n<p>Voc\u00ea que est\u00e1 utilizando a via para viagem, tenha bastante aten\u00e7\u00e3o ao passar&nbsp;pelo&nbsp;local.<\/p>\n\n\n<div class=\"wp-block-image\">\n<figure class=\"aligncenter size-full\"><img decoding=\"async\" src=\"https:\/\/radiostudiow.com.br\/site\/wp-content\/uploads\/2022\/06\/NUTRI-MALLET.jpg\" alt=\"\" class=\"wp-image-7772\"\/><\/figure>\n<\/div>\n\n\n<figure class=\"wp-block-image size-full is-resized\"><img loading=\"lazy\" decoding=\"async\" src=\"https:\/\/radiostudiow.com.br\/site\/wp-content\/uploads\/2023\/09\/Imagem-do-WhatsApp-de-2023-09-23-as-16.38.48-1.jpg\" alt=\"\" class=\"wp-image-15224\" style=\"width:741px;height:453px\" width=\"741\" height=\"453\" srcset=\"https:\/\/radiostudiow.com.br\/site\/wp-content\/uploads\/2023\/09\/Imagem-do-WhatsApp-de-2023-09-23-as-16.38.48-1.jpg 668w, https:\/\/radiostudiow.com.br\/site\/wp-content\/uploads\/2023\/09\/Imagem-do-WhatsApp-de-2023-09-23-as-16.38.48-1-300x183.jpg 300w\" sizes=\"auto, (max-width: 741px) 100vw, 741px\" \/><\/figure>\n\n\n\n<figure class=\"wp-block-image size-large is-resized\"><img loading=\"lazy\" decoding=\"async\" src=\"https:\/\/radiostudiow.com.br\/site\/wp-content\/uploads\/2023\/09\/Imagem-do-WhatsApp-de-2023-09-23-as-16.53.21-576x1024.jpg\" alt=\"\" class=\"wp-image-15227\" style=\"width:740px;height:1316px\" width=\"740\" height=\"1316\" srcset=\"https:\/\/radiostudiow.com.br\/site\/wp-content\/uploads\/2023\/09\/Imagem-do-WhatsApp-de-2023-09-23-as-16.53.21-576x1024.jpg 576w, https:\/\/radiostudiow.com.br\/site\/wp-content\/uploads\/2023\/09\/Imagem-do-WhatsApp-de-2023-09-23-as-16.53.21-169x300.jpg 169w, https:\/\/radiostudiow.com.br\/site\/wp-content\/uploads\/2023\/09\/Imagem-do-WhatsApp-de-2023-09-23-as-16.53.21.jpg 720w\" sizes=\"auto, (max-width: 740px) 100vw, 740px\" \/><\/figure>\n\n\n\n<figure class=\"wp-block-image size-large\"><img loading=\"lazy\" decoding=\"async\" width=\"768\" height=\"1024\" src=\"https:\/\/radiostudiow.com.br\/site\/wp-content\/uploads\/2023\/09\/Imagem-do-WhatsApp-de-2023-09-23-as-16.53.21-1-768x1024.jpg\" alt=\"\" class=\"wp-image-15228\" srcset=\"https:\/\/radiostudiow.com.br\/site\/wp-content\/uploads\/2023\/09\/Imagem-do-WhatsApp-de-2023-09-23-as-16.53.21-1-768x1024.jpg 768w, https:\/\/radiostudiow.com.br\/site\/wp-content\/uploads\/2023\/09\/Imagem-do-WhatsApp-de-2023-09-23-as-16.53.21-1-225x300.jpg 225w, https:\/\/radiostudiow.com.br\/site\/wp-content\/uploads\/2023\/09\/Imagem-do-WhatsApp-de-2023-09-23-as-16.53.21-1-1152x1536.jpg 1152w, https:\/\/radiostudiow.com.br\/site\/wp-content\/uploads\/2023\/09\/Imagem-do-WhatsApp-de-2023-09-23-as-16.53.21-1.jpg 1200w\" sizes=\"auto, (max-width: 768px) 100vw, 768px\" \/><\/figure>\n\n\n\n<figure class=\"wp-block-image size-large\"><img loading=\"lazy\" decoding=\"async\" width=\"1024\" height=\"764\" src=\"https:\/\/radiostudiow.com.br\/site\/wp-content\/uploads\/2023\/09\/Imagem-do-WhatsApp-de-2023-09-23-as-16.38.48-1024x764.jpg\" alt=\"\" class=\"wp-image-15223\" srcset=\"https:\/\/radiostudiow.com.br\/site\/wp-content\/uploads\/2023\/09\/Imagem-do-WhatsApp-de-2023-09-23-as-16.38.48-1024x764.jpg 1024w, https:\/\/radiostudiow.com.br\/site\/wp-content\/uploads\/2023\/09\/Imagem-do-WhatsApp-de-2023-09-23-as-16.38.48-300x224.jpg 300w, https:\/\/radiostudiow.com.br\/site\/wp-content\/uploads\/2023\/09\/Imagem-do-WhatsApp-de-2023-09-23-as-16.38.48-768x573.jpg 768w, https:\/\/radiostudiow.com.br\/site\/wp-content\/uploads\/2023\/09\/Imagem-do-WhatsApp-de-2023-09-23-as-16.38.48.jpg 1280w\" sizes=\"auto, (max-width: 1024px) 100vw, 1024px\" \/><\/figure>\n\n\n\n<p><em>Fotos: Internautas \/ E.M. \/ PBC<\/em><\/p>\n","protected":false},"excerpt":{"rendered":"<p>Na tarde deste s\u00e1bado dia 23 de setembro por volta das 13:50 horas mais um acidente foi registrado na Rodovia que corta o nosso munic\u00edpio. De acordo com internautas que passaram pelo local uma carreta bitrem com 9 eixos carregado com material para produ\u00e7\u00e3o de sacaria, bags e pl\u00e1sticos. acabou tombando nas proximidades da cooperativa [&hellip;]<\/p>\n","protected":false},"author":2,"featured_media":15223,"comment_status":"open","ping_status":"open","sticky":false,"template":"","format":"standard","meta":{"footnotes":""},"categories":[185],"tags":[172],"class_list":["post-15222","post","type-post","status-publish","format-standard","has-post-thumbnail","hentry","category-regional","tag-featured"],"amp_enabled":true,"_links":{"self":[{"href":"https:\/\/radiostudiow.com.br\/site\/wp-json\/wp\/v2\/posts\/15222","targetHints":{"allow":["GET"]}}],"collection":[{"href":"https:\/\/radiostudiow.com.br\/site\/wp-json\/wp\/v2\/posts"}],"about":[{"href":"https:\/\/radiostudiow.com.br\/site\/wp-json\/wp\/v2\/types\/post"}],"author":[{"embeddable":true,"href":"https:\/\/radiostudiow.com.br\/site\/wp-json\/wp\/v2\/users\/2"}],"replies":[{"embeddable":true,"href":"https:\/\/radiostudiow.com.br\/site\/wp-json\/wp\/v2\/comments?post=15222"}],"version-history":[{"count":4,"href":"https:\/\/radiostudiow.com.br\/site\/wp-json\/wp\/v2\/posts\/15222\/revisions"}],"predecessor-version":[{"id":33557,"href":"https:\/\/radiostudiow.com.br\/site\/wp-json\/wp\/v2\/posts\/15222\/revisions\/33557"}],"wp:featuredmedia":[{"embeddable":true,"href":"https:\/\/radiostudiow.com.br\/site\/wp-json\/wp\/v2\/media\/15223"}],"wp:attachment":[{"href":"https:\/\/radiostudiow.com.br\/site\/wp-json\/wp\/v2\/media?parent=15222"}],"wp:term":[{"taxonomy":"category","embeddable":true,"href":"https:\/\/radiostudiow.com.br\/site\/wp-json\/wp\/v2\/categories?post=15222"},{"taxonomy":"post_tag","embeddable":true,"href":"https:\/\/radiostudiow.com.br\/site\/wp-json\/wp\/v2\/tags?post=15222"}],"curies":[{"name":"wp","href":"https:\/\/api.w.org\/{rel}","templated":true}]}}