{"id":15279,"date":"2023-09-26T11:31:59","date_gmt":"2023-09-26T14:31:59","guid":{"rendered":"https:\/\/radiostudiow.com.br\/site\/?p=15279"},"modified":"2025-01-31T15:06:29","modified_gmt":"2025-01-31T18:06:29","slug":"bombeiros-seguem-buscas-pelo-corpo-de-crianca-de-11-anos-desaparecida-no-rio-iguacu","status":"publish","type":"post","link":"https:\/\/radiostudiow.com.br\/site\/2023\/09\/26\/bombeiros-seguem-buscas-pelo-corpo-de-crianca-de-11-anos-desaparecida-no-rio-iguacu\/","title":{"rendered":"BOMBEIROS SEGUEM BUSCAS PELO CORPO DE CRIAN\u00c7A DE 11 ANOS DESAPARECIDA NO RIO IGUA\u00c7U"},"content":{"rendered":"\n<p>Nas primeiras horas da manh\u00e3 desta ter\u00e7a-feira (26), duas equipes de barco e mais uma equipe de moto aqu\u00e1tica, ambas do Corpo de Bombeiros,&nbsp;<strong>iniciaram as buscas pelo corpo de Tissiane Ferreira Nizer de 11 anos, que continua desaparecida&nbsp;nas \u00e1guas do Rio Igua\u00e7u.<\/strong><\/p>\n\n\n\n<figure class=\"wp-block-image size-full\"><img decoding=\"async\" src=\"https:\/\/radiostudiow.com.br\/site\/wp-content\/uploads\/2023\/05\/image-2.png\" alt=\"\" class=\"wp-image-12867\"\/><\/figure>\n\n\n\n<p>Na noite de segunda-feira (25), moradores que estavam andando pela margem do Rio avistaram o corpo de&nbsp;<strong>Eduardo dos Santos Lima, de 16 anos,&nbsp;que foi o primeiro a ser encontrado.<\/strong>&nbsp;O corpo j\u00e1 foi encaminhado ao IML e ser\u00e1 velado na resid\u00eancia de familiares na Rua S\u00e3o Mateus, 692, na Vila Bom Jesus.<\/p>\n\n\n\n<p>De acordo com o comandante do Corpo de Bombeiros de S\u00e3o Mateus do Sul, Tenente Murilo Maltaca, na data de hoje as buscas ser\u00e3o concentradas na regi\u00e3o pr\u00f3ximo \u00e0 Marina, em buscas na superf\u00edcie do rio por conta dos dias que j\u00e1 se passaram.<\/p>\n\n\n\n<p>Eduardo e Tissiane foram levados pelo Rio Igua\u00e7u na tarde de domingo (24), ap\u00f3s um epis\u00f3dio de afogamento em grupo. A situa\u00e7\u00e3o chocou moradores de S\u00e3o Mateus do Sul e regi\u00e3o, ap\u00f3s a confirma\u00e7\u00e3o de que um grupo de crian\u00e7as e adolescentes haviam se afogado na regi\u00e3o conhecida como prainha da Vila Amaral. Tr\u00eas meninas de 11, 12 e 15 anos foram resgatadas por populares com vida e outro rapaz de 20 anos, que ajudou no resgate, foram levados pelos Bombeiros ao Pronto Atendimento sem gravidade.<\/p>\n\n\n\n<p>Eduardo inclusive chegou a participar do salvamento das sobreviventes, por\u00e9m ao retornar para salvar Tissiane, os dois acabaram se afogando e foram levados pela correnteza.<\/p>\n\n\n\n<figure class=\"wp-block-image size-large\"><img loading=\"lazy\" decoding=\"async\" width=\"1024\" height=\"768\" src=\"https:\/\/radiostudiow.com.br\/site\/wp-content\/uploads\/2023\/09\/image-50-1024x768.png\" alt=\"\" class=\"wp-image-15281\" srcset=\"https:\/\/radiostudiow.com.br\/site\/wp-content\/uploads\/2023\/09\/image-50-1024x768.png 1024w, https:\/\/radiostudiow.com.br\/site\/wp-content\/uploads\/2023\/09\/image-50-300x225.png 300w, https:\/\/radiostudiow.com.br\/site\/wp-content\/uploads\/2023\/09\/image-50-768x576.png 768w, https:\/\/radiostudiow.com.br\/site\/wp-content\/uploads\/2023\/09\/image-50.png 1068w\" sizes=\"auto, (max-width: 1024px) 100vw, 1024px\" \/><figcaption class=\"wp-element-caption\"><em>Momento em que o corpo de Eduardo foi encontrado. Foto: Bombeiros\/Divulga\u00e7\u00e3o<\/em><\/figcaption><\/figure>\n\n\n\n<figure class=\"wp-block-image size-large\"><img loading=\"lazy\" decoding=\"async\" width=\"1024\" height=\"538\" src=\"https:\/\/radiostudiow.com.br\/site\/wp-content\/uploads\/2023\/09\/image-49-1024x538.png\" alt=\"\" class=\"wp-image-15280\" srcset=\"https:\/\/radiostudiow.com.br\/site\/wp-content\/uploads\/2023\/09\/image-49-1024x538.png 1024w, https:\/\/radiostudiow.com.br\/site\/wp-content\/uploads\/2023\/09\/image-49-300x158.png 300w, https:\/\/radiostudiow.com.br\/site\/wp-content\/uploads\/2023\/09\/image-49-768x403.png 768w, https:\/\/radiostudiow.com.br\/site\/wp-content\/uploads\/2023\/09\/image-49.png 1068w\" sizes=\"auto, (max-width: 1024px) 100vw, 1024px\" \/><figcaption class=\"wp-element-caption\"><em>Reprodu\u00e7\u00e3o<\/em><\/figcaption><\/figure>\n","protected":false},"excerpt":{"rendered":"<p>Nas primeiras horas da manh\u00e3 desta ter\u00e7a-feira (26), duas equipes de barco e mais uma equipe de moto aqu\u00e1tica, ambas do Corpo de Bombeiros,&nbsp;iniciaram as buscas pelo corpo de Tissiane Ferreira Nizer de 11 anos, que continua desaparecida&nbsp;nas \u00e1guas do Rio Igua\u00e7u. Na noite de segunda-feira (25), moradores que estavam andando pela margem do Rio [&hellip;]<\/p>\n","protected":false},"author":2,"featured_media":15282,"comment_status":"open","ping_status":"open","sticky":false,"template":"","format":"standard","meta":{"footnotes":""},"categories":[185],"tags":[172],"class_list":["post-15279","post","type-post","status-publish","format-standard","has-post-thumbnail","hentry","category-regional","tag-featured"],"amp_enabled":true,"_links":{"self":[{"href":"https:\/\/radiostudiow.com.br\/site\/wp-json\/wp\/v2\/posts\/15279","targetHints":{"allow":["GET"]}}],"collection":[{"href":"https:\/\/radiostudiow.com.br\/site\/wp-json\/wp\/v2\/posts"}],"about":[{"href":"https:\/\/radiostudiow.com.br\/site\/wp-json\/wp\/v2\/types\/post"}],"author":[{"embeddable":true,"href":"https:\/\/radiostudiow.com.br\/site\/wp-json\/wp\/v2\/users\/2"}],"replies":[{"embeddable":true,"href":"https:\/\/radiostudiow.com.br\/site\/wp-json\/wp\/v2\/comments?post=15279"}],"version-history":[{"count":2,"href":"https:\/\/radiostudiow.com.br\/site\/wp-json\/wp\/v2\/posts\/15279\/revisions"}],"predecessor-version":[{"id":15284,"href":"https:\/\/radiostudiow.com.br\/site\/wp-json\/wp\/v2\/posts\/15279\/revisions\/15284"}],"wp:featuredmedia":[{"embeddable":true,"href":"https:\/\/radiostudiow.com.br\/site\/wp-json\/wp\/v2\/media\/15282"}],"wp:attachment":[{"href":"https:\/\/radiostudiow.com.br\/site\/wp-json\/wp\/v2\/media?parent=15279"}],"wp:term":[{"taxonomy":"category","embeddable":true,"href":"https:\/\/radiostudiow.com.br\/site\/wp-json\/wp\/v2\/categories?post=15279"},{"taxonomy":"post_tag","embeddable":true,"href":"https:\/\/radiostudiow.com.br\/site\/wp-json\/wp\/v2\/tags?post=15279"}],"curies":[{"name":"wp","href":"https:\/\/api.w.org\/{rel}","templated":true}]}}