{"id":15339,"date":"2023-09-27T09:56:00","date_gmt":"2023-09-27T12:56:00","guid":{"rendered":"https:\/\/radiostudiow.com.br\/site\/?p=15339"},"modified":"2025-01-31T15:06:29","modified_gmt":"2025-01-31T18:06:29","slug":"4o-dia-de-buscas-da-crianca-desaparecida-no-rio-iguacu","status":"publish","type":"post","link":"https:\/\/radiostudiow.com.br\/site\/2023\/09\/27\/4o-dia-de-buscas-da-crianca-desaparecida-no-rio-iguacu\/","title":{"rendered":"4\u00ba DIA DE BUSCAS DA CRIAN\u00c7A DESAPARECIDA NO RIO IGUA\u00c7U"},"content":{"rendered":"\n<p>Os Bombeiros iniciaram nesta quarta-feira (27), o quarto dia de buscas pelo corpo de&nbsp;<strong>Tissiane Ferreira Nizer de 11 anos, que ainda est\u00e1 desaparecida nas \u00e1guas do Rio Igua\u00e7u, ap\u00f3s um afogamento no domingo (24).<\/strong><\/p>\n\n\n\n<p>Os Bombeiros informaram que no momento est\u00e3o em buscas aqu\u00e1ticas tr\u00eas equipes, com a previs\u00e3o de chegada de mais Bombeiros vindos de outras cidades no decorrer do dia totalizando total de oito equipes. Embarca\u00e7\u00f5es de pescadores tamb\u00e9m est\u00e3o no local para colaborarem nas buscas.<\/p>\n\n\n\n<figure class=\"wp-block-image size-full\"><img decoding=\"async\" src=\"https:\/\/radiostudiow.com.br\/site\/wp-content\/uploads\/2023\/05\/image-2.png\" alt=\"\" class=\"wp-image-12867\"\/><\/figure>\n\n\n\n<h2 class=\"wp-block-heading\"><strong>RELEMBRE O CASO<\/strong><\/h2>\n\n\n\n<p><strong>TRAG\u00c9DIA NO RIO IGUA\u00c7U! TR\u00caS CRIAN\u00c7AS FORAM SALVAS DE AFOGAMENTO E DUAS EST\u00c3O DESAPARECIDAS<\/strong><\/p>\n\n\n\n<p>Uma trag\u00e9dia envolvendo um grupo de crian\u00e7as e adolescentes foi registrado na tarde deste domingo, 24 de setembro, no Rio Igua\u00e7u em S\u00e3o Mateus do Sul.<\/p>\n\n\n\n<p>De acordo com informa\u00e7\u00f5es, a situa\u00e7\u00e3o aconteceu em um local conhecido como prainha da Vila Amaral, onde as v\u00edtimas estavam nadando. Uma delas teria se afogado e as demais na tentativa de resgate acabaram tamb\u00e9m se afogando.<\/p>\n\n\n\n<p>Tr\u00eas v\u00edtimas foram resgatadas com vida e duas desapareceram nas \u00e1guas do rio.<\/p>\n\n\n\n<p><strong>Uma crian\u00e7a de 11 anos identificada como Tissiane Ferreira Nizer \u00e9 um adolescente de 16 anos identificado como Eduardo dos Santos Lima est\u00e3o desaparecidos.<\/strong><\/p>\n\n\n\n<p>As v\u00edtimas resgatadas s\u00e3o tr\u00eas meninas de 11, 12 e 15 anos, as quais foram encaminhadas para cuidados m\u00e9dicos. Um rapaz de 20 anos que ajudou no resgate tamb\u00e9m foi socorrido.<\/p>\n","protected":false},"excerpt":{"rendered":"<p>Os Bombeiros iniciaram nesta quarta-feira (27), o quarto dia de buscas pelo corpo de&nbsp;Tissiane Ferreira Nizer de 11 anos, que ainda est\u00e1 desaparecida nas \u00e1guas do Rio Igua\u00e7u, ap\u00f3s um afogamento no domingo (24). Os Bombeiros informaram que no momento est\u00e3o em buscas aqu\u00e1ticas tr\u00eas equipes, com a previs\u00e3o de chegada de mais Bombeiros vindos [&hellip;]<\/p>\n","protected":false},"author":2,"featured_media":15340,"comment_status":"open","ping_status":"open","sticky":false,"template":"","format":"standard","meta":{"footnotes":""},"categories":[185],"tags":[172],"class_list":["post-15339","post","type-post","status-publish","format-standard","has-post-thumbnail","hentry","category-regional","tag-featured"],"amp_enabled":true,"_links":{"self":[{"href":"https:\/\/radiostudiow.com.br\/site\/wp-json\/wp\/v2\/posts\/15339","targetHints":{"allow":["GET"]}}],"collection":[{"href":"https:\/\/radiostudiow.com.br\/site\/wp-json\/wp\/v2\/posts"}],"about":[{"href":"https:\/\/radiostudiow.com.br\/site\/wp-json\/wp\/v2\/types\/post"}],"author":[{"embeddable":true,"href":"https:\/\/radiostudiow.com.br\/site\/wp-json\/wp\/v2\/users\/2"}],"replies":[{"embeddable":true,"href":"https:\/\/radiostudiow.com.br\/site\/wp-json\/wp\/v2\/comments?post=15339"}],"version-history":[{"count":1,"href":"https:\/\/radiostudiow.com.br\/site\/wp-json\/wp\/v2\/posts\/15339\/revisions"}],"predecessor-version":[{"id":15341,"href":"https:\/\/radiostudiow.com.br\/site\/wp-json\/wp\/v2\/posts\/15339\/revisions\/15341"}],"wp:featuredmedia":[{"embeddable":true,"href":"https:\/\/radiostudiow.com.br\/site\/wp-json\/wp\/v2\/media\/15340"}],"wp:attachment":[{"href":"https:\/\/radiostudiow.com.br\/site\/wp-json\/wp\/v2\/media?parent=15339"}],"wp:term":[{"taxonomy":"category","embeddable":true,"href":"https:\/\/radiostudiow.com.br\/site\/wp-json\/wp\/v2\/categories?post=15339"},{"taxonomy":"post_tag","embeddable":true,"href":"https:\/\/radiostudiow.com.br\/site\/wp-json\/wp\/v2\/tags?post=15339"}],"curies":[{"name":"wp","href":"https:\/\/api.w.org\/{rel}","templated":true}]}}