{"id":15394,"date":"2023-09-28T09:39:39","date_gmt":"2023-09-28T12:39:39","guid":{"rendered":"https:\/\/radiostudiow.com.br\/site\/?p=15394"},"modified":"2025-01-31T15:06:28","modified_gmt":"2025-01-31T18:06:28","slug":"homem-fica-gravimente-ferido-apos-cair-de-telhado-em-uniao-da-vitoria","status":"publish","type":"post","link":"https:\/\/radiostudiow.com.br\/site\/2023\/09\/28\/homem-fica-gravimente-ferido-apos-cair-de-telhado-em-uniao-da-vitoria\/","title":{"rendered":"HOMEM FICA GRAVIMENTE FERIDO AP\u00d3S CAIR DE TELHADO EM UNI\u00c3O DA VIT\u00d3RIA"},"content":{"rendered":"\n<p>Um homem de 33 anos de idade foi socorrido em estado considerado grave pelos Bombeiros e encaminhado para o hospital ap\u00f3s cair de um telhado.<\/p>\n\n\n\n<figure class=\"wp-block-image size-full\"><img decoding=\"async\" src=\"https:\/\/radiostudiow.com.br\/site\/wp-content\/uploads\/2023\/05\/image-2.png\" alt=\"\" class=\"wp-image-12867\"\/><\/figure>\n\n\n\n<p>A situa\u00e7\u00e3o ocorreu por volta das 07:20 horas desta quarta-feira, 27 de setembro, na rua Durval Lorensini, que fica localizada no Conjunto Horst Waldraff, no Distrito de S\u00e3o Crist\u00f3v\u00e3o.<\/p>\n\n\n\n<p>O homem estava consertando o telhado que ficou danificado com o temporal de ontem a tarde, quando acabou se desequilibrando e sofreu a queda, sendo socorrido pelo Corpo de Bombeiros.<\/p>\n","protected":false},"excerpt":{"rendered":"<p>Um homem de 33 anos de idade foi socorrido em estado considerado grave pelos Bombeiros e encaminhado para o hospital ap\u00f3s cair de um telhado. A situa\u00e7\u00e3o ocorreu por volta das 07:20 horas desta quarta-feira, 27 de setembro, na rua Durval Lorensini, que fica localizada no Conjunto Horst Waldraff, no Distrito de S\u00e3o Crist\u00f3v\u00e3o. O [&hellip;]<\/p>\n","protected":false},"author":2,"featured_media":10918,"comment_status":"open","ping_status":"open","sticky":false,"template":"","format":"standard","meta":{"footnotes":""},"categories":[185],"tags":[172],"class_list":["post-15394","post","type-post","status-publish","format-standard","has-post-thumbnail","hentry","category-regional","tag-featured"],"amp_enabled":true,"_links":{"self":[{"href":"https:\/\/radiostudiow.com.br\/site\/wp-json\/wp\/v2\/posts\/15394","targetHints":{"allow":["GET"]}}],"collection":[{"href":"https:\/\/radiostudiow.com.br\/site\/wp-json\/wp\/v2\/posts"}],"about":[{"href":"https:\/\/radiostudiow.com.br\/site\/wp-json\/wp\/v2\/types\/post"}],"author":[{"embeddable":true,"href":"https:\/\/radiostudiow.com.br\/site\/wp-json\/wp\/v2\/users\/2"}],"replies":[{"embeddable":true,"href":"https:\/\/radiostudiow.com.br\/site\/wp-json\/wp\/v2\/comments?post=15394"}],"version-history":[{"count":2,"href":"https:\/\/radiostudiow.com.br\/site\/wp-json\/wp\/v2\/posts\/15394\/revisions"}],"predecessor-version":[{"id":15396,"href":"https:\/\/radiostudiow.com.br\/site\/wp-json\/wp\/v2\/posts\/15394\/revisions\/15396"}],"wp:featuredmedia":[{"embeddable":true,"href":"https:\/\/radiostudiow.com.br\/site\/wp-json\/wp\/v2\/media\/10918"}],"wp:attachment":[{"href":"https:\/\/radiostudiow.com.br\/site\/wp-json\/wp\/v2\/media?parent=15394"}],"wp:term":[{"taxonomy":"category","embeddable":true,"href":"https:\/\/radiostudiow.com.br\/site\/wp-json\/wp\/v2\/categories?post=15394"},{"taxonomy":"post_tag","embeddable":true,"href":"https:\/\/radiostudiow.com.br\/site\/wp-json\/wp\/v2\/tags?post=15394"}],"curies":[{"name":"wp","href":"https:\/\/api.w.org\/{rel}","templated":true}]}}